{"id":872,"date":"2022-10-17T17:17:34","date_gmt":"2022-10-17T22:17:34","guid":{"rendered":"https:\/\/www.oscarpabon.com\/?p=872"},"modified":"2022-11-09T20:56:15","modified_gmt":"2022-11-10T01:56:15","slug":"salinas-de-upin-la-mas-antigua-empresa-regional","status":"publish","type":"post","link":"https:\/\/www.oscarpabon.com\/index.php\/2022\/10\/17\/salinas-de-upin-la-mas-antigua-empresa-regional\/","title":{"rendered":"Salinas de Up\u00edn, la m\u00e1s antigua empresa regional"},"content":{"rendered":"<div class=\"wp-block-image\">\n<figure class=\"aligncenter size-full\"><img loading=\"lazy\" decoding=\"async\" width=\"575\" height=\"431\" src=\"https:\/\/www.oscarpabon.com\/wp-content\/uploads\/2022\/10\/Captura1-1.png\" alt=\"\" class=\"wp-image-874\" srcset=\"https:\/\/www.oscarpabon.com\/wp-content\/uploads\/2022\/10\/Captura1-1.png 575w, https:\/\/www.oscarpabon.com\/wp-content\/uploads\/2022\/10\/Captura1-1-300x225.png 300w\" sizes=\"auto, (max-width: 575px) 100vw, 575px\" \/><figcaption><em>A este grabado su autor el artista franc\u00e9s Riou lo titul\u00f3 \u201cSalinas de Up\u00edn\u201d y permite conocer el paisaje del lugar en el a\u00f1o 1879 (Tomado del libro Geograf\u00eda Pintoresca de Colombia. Litograf\u00eda Arco, Bogot\u00e1 1980)<\/em><\/figcaption><\/figure><\/div>\n\n\n<p>En el primer trimestre del a\u00f1o 2001 la siguiente cr\u00f3nica de mi cosecha apareci\u00f3 publicada en el Informe de Coyuntura Econ\u00f3mica Regional del Banco de la Rep\u00fablica. La recupero con motivo del 104 aniversario del cambio de nombre de La Colonia por el de Restrepo en memoria del abogado y pol\u00edtico paisa Emiliano Restrepo Echavarr\u00eda due\u00f1o de la hacienda La Vanguardia, cuyos linderos iban desde la margen izquierda del r\u00edo Guatiqu\u00eda hasta el \u00e1rea de influencia del r\u00edo Up\u00edn.<\/p>\n\n\n\n<p>Quiere decir que el rebautizo del caser\u00edo lo hicieron con el apellido de quien don\u00f3 el terreno en donde se conform\u00f3 el asentamiento humano de La Colonia.<\/p>\n\n\n\n<h3 class=\"wp-block-heading\">Salinas de Up\u00edn, la m\u00e1s antigua empresa regional<\/h3>\n\n\n\n<div style=\"height:20px\" aria-hidden=\"true\" class=\"wp-block-spacer\"><\/div>\n\n\n\n<p>La presencia del hombre prehisp\u00e1nico en la regi\u00f3n de Up\u00edn le llev\u00f3 a descubrir las bondades que dicho territorio ofrec\u00eda a partir de las minas de sal all\u00ed existentes que tienen correlaci\u00f3n con las dem\u00e1s de la cordillera Oriental.<\/p>\n\n\n\n<p>De esta manera la familia Guayupe moradora del sector inicia la obtenci\u00f3n del mineral b\u00e1sico para su dieta alimenticia. Evidencia de tales trabajos son los fragmentos de vasijas cer\u00e1micas que con frecuencia se encuentran dentro de la actual planta. En 1984 la antrop\u00f3loga Mariane Cardale practic\u00f3 una r\u00e1pida inspecci\u00f3n arqueol\u00f3gica al lugar que le permiti\u00f3 plantear la tesis de que all\u00ed pudo haber sido punto de intercambio del producto en terr\u00f3n con culturas andinas.<\/p>\n\n\n\n<p>Son esos momentos refundidos en el tiempo los puntos de partida para el nacimiento de la posible m\u00e1s antigua empresa regional, la que con el paso de los a\u00f1os se ha mantenido vigente.<\/p>\n\n\n\n<p>El banco salino -el \u00fanico en tierras metenses- est\u00e1 rodeado por las corrientes de la Quebrada Blanca y las del Up\u00edn en comprensi\u00f3n municipal de Restrepo, muy cerca de su \u00e1rea urbana y al norte de Villavicencio.<\/p>\n\n\n\n<p>Aunque para quien esto escribe no ha sido posible hasta el momento encontrar informaci\u00f3n sobre el desenvolvimiento hist\u00f3rico de la producci\u00f3n salinera de Up\u00edn en \u00e9pocas tanto de la Conquista como de la Colonia cuando los jesuitas fundaron la Hacienda de Apiay, se puede deducir que en alguna medida hubo actividad extractiva de la cual fueron sabedoras las distintas administraciones centrales.<\/p>\n\n\n\n<p>Ya en tiempos de la Rep\u00fablica el gobierno la reconoce como de su propiedad aunque no se trabaja de su cuenta. A trav\u00e9s de medida que dicta el 1 de mayo de 1825 a la mina la pone en arrendamiento por un lapso de veinte a\u00f1os. En este documento firmado por el Secretario de Estado del despacho de Hacienda se establecen condiciones de pago equivalente al 4% del valor de la sal que se extraiga y un 2% por los bosques de donde se saque la le\u00f1a.<\/p>\n\n\n\n<p>Adem\u00e1s se le exige al empresario que la tome dotarla de calderos y m\u00e1quinas necesarias para la explotaci\u00f3n, equipos que una vez termine el contrato quedar\u00e1n para el gobierno (1).&nbsp;<\/p>\n\n\n<div class=\"wp-block-image\">\n<figure class=\"aligncenter size-full\"><img loading=\"lazy\" decoding=\"async\" width=\"590\" height=\"442\" src=\"https:\/\/www.oscarpabon.com\/wp-content\/uploads\/2022\/10\/Captura2-1.png\" alt=\"\" class=\"wp-image-875\" srcset=\"https:\/\/www.oscarpabon.com\/wp-content\/uploads\/2022\/10\/Captura2-1.png 590w, https:\/\/www.oscarpabon.com\/wp-content\/uploads\/2022\/10\/Captura2-1-300x225.png 300w\" sizes=\"auto, (max-width: 590px) 100vw, 590px\" \/><figcaption><em>Sistema de evaporaci\u00f3n de la salmuera y obtenci\u00f3n del cloruro de sodio en la planta industrial de Up\u00edn, a\u00f1o 2009. (Foto: \u00d3scar A Pab\u00f3n M)<\/em><\/figcaption><\/figure><\/div>\n\n\n<p>Corrieron los a\u00f1os y en la d\u00e9cada de 1860 se vincula a la regi\u00f3n el pol\u00edtico antioque\u00f1o Emiliano Restrepo Echavarr\u00eda gran visionario del potencial econ\u00f3mico del entonces conocido como Territorio de San Mart\u00edn, quien en una de sus correr\u00edas en meses de verano visita la salina de Up\u00edn -cercana a sus propiedades- en donde observ\u00f3 la forma de laborar.<\/p>\n\n\n\n<p>Las siguientes son algunas impresiones que el doctor Restrepo tuvo en esta inspecci\u00f3n:<\/p>\n\n\n\n<p><em>\u201cEs un inmenso banco de sal gema, de excepcional pureza\u2026.\u201d<\/em> (2)<\/p>\n\n\n\n<p><em>\u201cConocemos las salinas de Zipaquir\u00e1, Nemoc\u00f3n y Sesquil\u00e9, en las cuales se explota la sal vij\u00faa y no vacilamos en asegurar que la de Up\u00edn es superior&nbsp; a ellas en potencia y en facilidades de explotaci\u00f3n. Pensemos que el banco de Up\u00edn es el m\u00e1s rico de cuantos se conocen hoy en la rep\u00fablica\u201d <\/em><em>(3)<\/em><em><\/em><\/p>\n\n\n\n<p>Pero si las calidades del dep\u00f3sito salino impactaron al ilustre visitante no ocurri\u00f3 lo mismo con las formas de extracci\u00f3n y procesamiento que se realizaban de manera rudimentaria y \u00fanicamente en los meses de verano, mediante la detonaci\u00f3n de p\u00f3lvora colocada en el \u00e1rea de la mina donde se trabajara, para luego recoger sal vij\u00faa. Este procedimiento es conocido con el nombre de tajo abierto. Al respecto dijo don Emiliano:<\/p>\n\n\n\n<p><em>\u201cSe comprende que nada puede darse de m\u00e1s atrasado que el sistema de explotaci\u00f3n empleado en la salina de Up\u00edn.&nbsp;<\/em><\/p>\n\n\n\n<p><em>Es un sistema que tiene por objeto obtener al mayor costo posible, para echarlo a perder, el m\u00e1s bello producto natural. Todo all\u00ed es rudimentario e insuficiente para el objeto que ha tenido en mira el gobierno al poner en administraci\u00f3n aquella rica salina\u201d <\/em><em>(4)<\/em><em>.<\/em><\/p>\n\n\n\n<p>Con base en lo observado al administrador le formul\u00f3 recomendaciones para implementar sencillas y econ\u00f3micas maneras para la obtenci\u00f3n de vij\u00faa con alto grado de pureza primitiva mediante el sistema de galer\u00eda, con la apertura de un socav\u00f3n (5).<\/p>\n\n\n\n<p>Para la \u00e9poca con el producto se abastec\u00eda a un limitado n\u00famero&nbsp; de consumidores de la regi\u00f3n, de manera principal del sector ganadero, cobr\u00e1ndose por arroba 30 centavos de peso fuerte (6). Hacia 1864 se reportaron $10 mil por esta explotaci\u00f3n, con gastos de cuatro mil pesos (7).<\/p>\n\n\n\n<p>Como quiera que los bosques eran descuajados para la obtenci\u00f3n del mineral, finalizando el siglo XIX el poder central dispuso algunas mediadas con el fin de frenar el da\u00f1o ecol\u00f3gico (8).<\/p>\n\n\n\n<p>Al estallar la guerra de los Mil d\u00edas -finales de 1899- el gobierno dispuso el cese de la producci\u00f3n en la salina de Up\u00edn, determinaci\u00f3n que vino de inmediato a diezmar el hato ganadero en las regiones de San Mart\u00edn, San Juan y Villavicencio (9).<\/p>\n\n\n\n<p>Restablecido el orden nacional en los primeros a\u00f1os del nuevo siglo la factor\u00eda de Up\u00edn con su tradicional sistema reinici\u00f3 la actividad extractiva.<\/p>\n\n\n\n<p>Para entonces en sitio muy cercano a la mina el gobierno nacional funda una colonia penal sometiendo a los presos a trabajos forzados en la salina. Con el tiempo la penitencier\u00eda se acaba y algunos de los reclusos deciden quedarse en el lugar dando origen al pueblo que inicialmente se llam\u00f3 La Colonia, que en 1918 recibi\u00f3 el nombre de Restrepo como homenaje a don Emiliano Restrepo E. quien hab\u00eda donado el terreno para establecer el penal. Estas personas m\u00e1s otras que luego llegan continuaron con el trabajo salinero.<\/p>\n\n\n\n<p>Si el doctor Restrepo Echavarr\u00eda en la d\u00e9cada de 1860 sugiri\u00f3 implementar en la mina de Up\u00edn el sistema de socav\u00f3n, debieron pasar por lo menos cincuenta a\u00f1os para que esto ocurriera. El se\u00f1or Jos\u00e9 Gregorio Hern\u00e1ndez quien en el seco mes de marzo de 1913 asisti\u00f3 a la inauguraci\u00f3n oficial de la obra que en ese momento ten\u00eda ya setenta metros de profundidad, as\u00ed narr\u00f3 el evento:<\/p>\n\n\n\n<p><em>\u201c\u2026Gracias a los patri\u00f3ticos empe\u00f1os con el Gobierno Nacional, el doctor Eduardo Buend\u00eda H., Administrador de Hacienda y Salinas del Territorio del Meta, el antiguo sistema de explotar la Salina <u>a tajo abierto<\/u> fue sustituido por el de socav\u00f3n, abri\u00e9ndose uno en la ribera derecha del Up\u00edn, empezando a unos diez metros sobre el nivel del r\u00edo\u2026\u201d <\/em><em>(10)<\/em><em>.<\/em><\/p>\n\n\n<div class=\"wp-block-image\">\n<figure class=\"aligncenter size-full\"><img loading=\"lazy\" decoding=\"async\" width=\"589\" height=\"442\" src=\"https:\/\/www.oscarpabon.com\/wp-content\/uploads\/2022\/10\/Captura3-1.png\" alt=\"\" class=\"wp-image-876\" srcset=\"https:\/\/www.oscarpabon.com\/wp-content\/uploads\/2022\/10\/Captura3-1.png 589w, https:\/\/www.oscarpabon.com\/wp-content\/uploads\/2022\/10\/Captura3-1-300x225.png 300w\" sizes=\"auto, (max-width: 589px) 100vw, 589px\" \/><figcaption><em>Arduo trabajo el de los operarios tanto de las calderas en la parte superior como de los hornos en la factor\u00eda sal\u00eda de Up\u00edn, a\u00f1o 2009 (Foto: \u00d3scar A Pab\u00f3n M)<\/em><\/figcaption><\/figure><\/div>\n\n\n<p>Comienza en ese a\u00f1o una nueva \u00e9poca en la actividad extractiva de Up\u00edn, en la que se evidencia \u2013por primera vez en toda su historia- la directa acci\u00f3n oficial en lo referente al mejoramiento de los sistemas de producci\u00f3n, antes solo se limitaba a entregarla en arriendo.<\/p>\n\n\n\n<p>Desde entonces y con peri\u00f3dicas ampliaciones y mejoramientos tecnol\u00f3gicos, la mina ha estado a cargo&nbsp; del Banco de la Rep\u00fablica, el IFI con la Concesi\u00f3n Salinas y por \u00faltimo esta entidad la arrend\u00f3 a la sociedad integrada por sus antiguos empleados que acordaron constituir la empresa Sales del Llano.<\/p>\n\n\n\n<p>Por lo anteriormente descrito no queda duda que la salina de Up\u00edn es la m\u00e1s antigua empresa activa de la regi\u00f3n orinoquense.<\/p>\n\n\n\n<p>Citas bibliogr\u00e1ficas:<\/p>\n\n\n\n<ol class=\"wp-block-list\" type=\"1\"><li>Gaceta de Colombia, 4 tomos, Gaceta No. 18 de 1825, Banco de la Rep\u00fablica, Bogot\u00e1 1974.<\/li><li>Restrepo E., Emiliano: Una excursi\u00f3n al Territorio de San Mart\u00edn, Bogot\u00e1, Editorial ABC, 1957, p. 46<\/li><li>Ibid. Op. Cit. p.51<\/li><li>Ibid. Op. Cit. p.52<\/li><li>Ibid. Op. Cit. p.55<\/li><li>Ibid. Op. Cit. p. 153<\/li><li>Rothlisberger, Ernest: El Dorado, Bogot\u00e1 Banco de la Rep\u00fablica, 1963, p. 273<\/li><li>Botero V., Juan Jos\u00e9: Adjudicaciones, explotaci\u00f3n y comercializaci\u00f3n de bald\u00edos y bosques naturales. Evoluci\u00f3n hist\u00f3rico legislativa 1830-1930. Santaf\u00e9 de Bogot\u00e1, Banco de la Rep\u00fablica, 1994, p. 127\/28<\/li><li>Hern\u00e1ndez, Demetrio: Relatos de una regi\u00f3n del Llano, San Mart\u00edn \u2013Meta-, mecanografiado p. 32<\/li><li>Hern\u00e1ndez R., Jos\u00e9 Gregorio: Diario de un educador. En: Los Forjadores de Villavicencio cuentan su historia, Vol. I Corcumvi 1998, p. 115\/16<\/li><\/ol>\n\n\n\n<div style=\"height:15px\" aria-hidden=\"true\" class=\"wp-block-spacer\"><\/div>\n\n\n\n<p><strong><em>Adenda:<\/em><\/strong> Como esta cr\u00f3nica con enfoque econ\u00f3mico la redact\u00e9 hace veinti\u00fan a\u00f1os, la actualizo diciendo que cuando culmin\u00f3 el contrato suscrito entre el IFI\/ \u00a0Concesi\u00f3n Salinas y la local sociedad Sales del Llano, mediante licitaci\u00f3n p\u00fablica la empresa Salcol S.A. -externa a la regi\u00f3n- gan\u00f3 la convocatoria y comenz\u00f3 la operaci\u00f3n.<\/p>\n\n\n\n<p>Hace unas d\u00e9cadas -antes de las dos empresas arrendatarias- por derrumbes dentro del profundo t\u00fanel se instal\u00f3 un largo sistema de tuber\u00eda que recogi\u00f3 las saladas aguas y las condujo a la parte externa a enorme alberca desde donde las conduc\u00edan a las calderas instaladas sobre los hornos.&nbsp;&nbsp;&nbsp;&nbsp;&nbsp;&nbsp; A la fecha por da\u00f1o del tubo dentro del socav\u00f3n no se cocina salmuera y por ende no hay producci\u00f3n de sal de la metense mina de Up\u00edn.<\/p>\n","protected":false},"excerpt":{"rendered":"<p>En el primer trimestre del a\u00f1o 2001 la siguiente cr\u00f3nica de mi cosecha apareci\u00f3 publicada en el Informe de Coyuntura Econ\u00f3mica Regional del Banco de la Rep\u00fablica. La recupero con motivo del 104 aniversario del cambio de nombre de La&#8230;<\/p>\n","protected":false},"author":1,"featured_media":874,"comment_status":"open","ping_status":"open","sticky":false,"template":"","format":"standard","meta":{"_acf_changed":false,"footnotes":""},"categories":[4],"tags":[],"class_list":["post-872","post","type-post","status-publish","format-standard","has-post-thumbnail","hentry","category-historica_cultural"],"acf":[],"yoast_head":"<!-- This site is optimized with the Yoast SEO plugin v28.1 - https:\/\/yoast.com\/product\/yoast-seo-wordpress\/ -->\n<title>Salinas de Up\u00edn, la m\u00e1s antigua empresa regional | \u00d3scar Pab\u00f3n<\/title>\n<meta name=\"description\" content=\"En el primer trimestre del a\u00f1o 2001 la siguiente cr\u00f3nica de mi cosecha apareci\u00f3 publicada en el Informe de Coyuntura Econ\u00f3mica Regional...\" \/>\n<meta name=\"robots\" content=\"index, follow, max-snippet:-1, max-image-preview:large, max-video-preview:-1\" \/>\n<link rel=\"canonical\" href=\"https:\/\/www.oscarpabon.com\/index.php\/2022\/10\/17\/salinas-de-upin-la-mas-antigua-empresa-regional\/\" \/>\n<meta property=\"og:locale\" content=\"es_ES\" \/>\n<meta property=\"og:type\" content=\"article\" \/>\n<meta property=\"og:title\" content=\"Salinas de Up\u00edn, la m\u00e1s antigua empresa regional | \u00d3scar Pab\u00f3n\" \/>\n<meta property=\"og:description\" content=\"En el primer trimestre del a\u00f1o 2001 la siguiente cr\u00f3nica de mi cosecha apareci\u00f3 publicada en el Informe de Coyuntura Econ\u00f3mica Regional...\" \/>\n<meta property=\"og:url\" content=\"https:\/\/www.oscarpabon.com\/index.php\/2022\/10\/17\/salinas-de-upin-la-mas-antigua-empresa-regional\/\" \/>\n<meta property=\"og:site_name\" content=\"Oscar Pab\u00f3n | Comunicador Social y Ambiental\" \/>\n<meta property=\"article:publisher\" content=\"https:\/\/www.facebook.com\/oscaralfonso.pabonmonroy.1\" \/>\n<meta property=\"article:published_time\" content=\"2022-10-17T22:17:34+00:00\" \/>\n<meta property=\"article:modified_time\" content=\"2022-11-10T01:56:15+00:00\" \/>\n<meta property=\"og:image\" content=\"https:\/\/www.oscarpabon.com\/wp-content\/uploads\/2022\/10\/Captura1-1.png\" \/>\n\t<meta property=\"og:image:width\" content=\"575\" \/>\n\t<meta property=\"og:image:height\" content=\"431\" \/>\n\t<meta property=\"og:image:type\" content=\"image\/png\" \/>\n<meta name=\"author\" content=\"admin\" \/>\n<meta name=\"twitter:card\" content=\"summary_large_image\" \/>\n<meta name=\"twitter:label1\" content=\"Escrito por\" \/>\n\t<meta name=\"twitter:data1\" content=\"admin\" \/>\n\t<meta name=\"twitter:label2\" content=\"Tiempo de lectura\" \/>\n\t<meta name=\"twitter:data2\" content=\"8 minutos\" \/>\n<script type=\"application\/ld+json\" class=\"yoast-schema-graph\">{\"@context\":\"https:\\\/\\\/schema.org\",\"@graph\":[{\"@type\":\"Article\",\"@id\":\"https:\\\/\\\/www.oscarpabon.com\\\/index.php\\\/2022\\\/10\\\/17\\\/salinas-de-upin-la-mas-antigua-empresa-regional\\\/#article\",\"isPartOf\":{\"@id\":\"https:\\\/\\\/www.oscarpabon.com\\\/index.php\\\/2022\\\/10\\\/17\\\/salinas-de-upin-la-mas-antigua-empresa-regional\\\/\"},\"author\":{\"name\":\"admin\",\"@id\":\"https:\\\/\\\/www.oscarpabon.com\\\/#\\\/schema\\\/person\\\/e08a6cf87c5d689db2d61c650541b58a\"},\"headline\":\"Salinas de Up\u00edn, la m\u00e1s antigua empresa regional\",\"datePublished\":\"2022-10-17T22:17:34+00:00\",\"dateModified\":\"2022-11-10T01:56:15+00:00\",\"mainEntityOfPage\":{\"@id\":\"https:\\\/\\\/www.oscarpabon.com\\\/index.php\\\/2022\\\/10\\\/17\\\/salinas-de-upin-la-mas-antigua-empresa-regional\\\/\"},\"wordCount\":1762,\"commentCount\":5,\"publisher\":{\"@id\":\"https:\\\/\\\/www.oscarpabon.com\\\/#organization\"},\"image\":{\"@id\":\"https:\\\/\\\/www.oscarpabon.com\\\/index.php\\\/2022\\\/10\\\/17\\\/salinas-de-upin-la-mas-antigua-empresa-regional\\\/#primaryimage\"},\"thumbnailUrl\":\"https:\\\/\\\/www.oscarpabon.com\\\/wp-content\\\/uploads\\\/2022\\\/10\\\/Captura1-1.png\",\"articleSection\":[\"Hist\u00f3rica y Cultural\"],\"inLanguage\":\"es-CO\",\"potentialAction\":[{\"@type\":\"CommentAction\",\"name\":\"Comment\",\"target\":[\"https:\\\/\\\/www.oscarpabon.com\\\/index.php\\\/2022\\\/10\\\/17\\\/salinas-de-upin-la-mas-antigua-empresa-regional\\\/#respond\"]}]},{\"@type\":\"WebPage\",\"@id\":\"https:\\\/\\\/www.oscarpabon.com\\\/index.php\\\/2022\\\/10\\\/17\\\/salinas-de-upin-la-mas-antigua-empresa-regional\\\/\",\"url\":\"https:\\\/\\\/www.oscarpabon.com\\\/index.php\\\/2022\\\/10\\\/17\\\/salinas-de-upin-la-mas-antigua-empresa-regional\\\/\",\"name\":\"Salinas de Up\u00edn, la m\u00e1s antigua empresa regional | \u00d3scar Pab\u00f3n\",\"isPartOf\":{\"@id\":\"https:\\\/\\\/www.oscarpabon.com\\\/#website\"},\"primaryImageOfPage\":{\"@id\":\"https:\\\/\\\/www.oscarpabon.com\\\/index.php\\\/2022\\\/10\\\/17\\\/salinas-de-upin-la-mas-antigua-empresa-regional\\\/#primaryimage\"},\"image\":{\"@id\":\"https:\\\/\\\/www.oscarpabon.com\\\/index.php\\\/2022\\\/10\\\/17\\\/salinas-de-upin-la-mas-antigua-empresa-regional\\\/#primaryimage\"},\"thumbnailUrl\":\"https:\\\/\\\/www.oscarpabon.com\\\/wp-content\\\/uploads\\\/2022\\\/10\\\/Captura1-1.png\",\"datePublished\":\"2022-10-17T22:17:34+00:00\",\"dateModified\":\"2022-11-10T01:56:15+00:00\",\"description\":\"En el primer trimestre del a\u00f1o 2001 la siguiente cr\u00f3nica de mi cosecha apareci\u00f3 publicada en el Informe de Coyuntura Econ\u00f3mica Regional...\",\"breadcrumb\":{\"@id\":\"https:\\\/\\\/www.oscarpabon.com\\\/index.php\\\/2022\\\/10\\\/17\\\/salinas-de-upin-la-mas-antigua-empresa-regional\\\/#breadcrumb\"},\"inLanguage\":\"es-CO\",\"potentialAction\":[{\"@type\":\"ReadAction\",\"target\":[\"https:\\\/\\\/www.oscarpabon.com\\\/index.php\\\/2022\\\/10\\\/17\\\/salinas-de-upin-la-mas-antigua-empresa-regional\\\/\"]}]},{\"@type\":\"ImageObject\",\"inLanguage\":\"es-CO\",\"@id\":\"https:\\\/\\\/www.oscarpabon.com\\\/index.php\\\/2022\\\/10\\\/17\\\/salinas-de-upin-la-mas-antigua-empresa-regional\\\/#primaryimage\",\"url\":\"https:\\\/\\\/www.oscarpabon.com\\\/wp-content\\\/uploads\\\/2022\\\/10\\\/Captura1-1.png\",\"contentUrl\":\"https:\\\/\\\/www.oscarpabon.com\\\/wp-content\\\/uploads\\\/2022\\\/10\\\/Captura1-1.png\",\"width\":575,\"height\":431,\"caption\":\"Salinas de Up\u00edn, la m\u00e1s antigua empresa regional\"},{\"@type\":\"BreadcrumbList\",\"@id\":\"https:\\\/\\\/www.oscarpabon.com\\\/index.php\\\/2022\\\/10\\\/17\\\/salinas-de-upin-la-mas-antigua-empresa-regional\\\/#breadcrumb\",\"itemListElement\":[{\"@type\":\"ListItem\",\"position\":1,\"name\":\"Home\",\"item\":\"https:\\\/\\\/www.oscarpabon.com\\\/\"},{\"@type\":\"ListItem\",\"position\":2,\"name\":\"Salinas de Up\u00edn, la m\u00e1s antigua empresa regional\"}]},{\"@type\":\"WebSite\",\"@id\":\"https:\\\/\\\/www.oscarpabon.com\\\/#website\",\"url\":\"https:\\\/\\\/www.oscarpabon.com\\\/\",\"name\":\"Oscar Pab\u00f3n | Comunicador Social y Ambiental\",\"description\":\"P\u00e1gina web oficial del comunicador social y ambiental Oscar Pab\u00f3n de la ciudad de Villavicencio.\",\"publisher\":{\"@id\":\"https:\\\/\\\/www.oscarpabon.com\\\/#organization\"},\"potentialAction\":[{\"@type\":\"SearchAction\",\"target\":{\"@type\":\"EntryPoint\",\"urlTemplate\":\"https:\\\/\\\/www.oscarpabon.com\\\/?s={search_term_string}\"},\"query-input\":{\"@type\":\"PropertyValueSpecification\",\"valueRequired\":true,\"valueName\":\"search_term_string\"}}],\"inLanguage\":\"es-CO\"},{\"@type\":\"Organization\",\"@id\":\"https:\\\/\\\/www.oscarpabon.com\\\/#organization\",\"name\":\"Oscar Pab\u00f3n\",\"url\":\"https:\\\/\\\/www.oscarpabon.com\\\/\",\"logo\":{\"@type\":\"ImageObject\",\"inLanguage\":\"es-CO\",\"@id\":\"https:\\\/\\\/www.oscarpabon.com\\\/#\\\/schema\\\/logo\\\/image\\\/\",\"url\":\"https:\\\/\\\/www.oscarpabon.com\\\/wp-content\\\/uploads\\\/2021\\\/06\\\/LogoOscarP.jpg\",\"contentUrl\":\"https:\\\/\\\/www.oscarpabon.com\\\/wp-content\\\/uploads\\\/2021\\\/06\\\/LogoOscarP.jpg\",\"width\":512,\"height\":512,\"caption\":\"Oscar Pab\u00f3n\"},\"image\":{\"@id\":\"https:\\\/\\\/www.oscarpabon.com\\\/#\\\/schema\\\/logo\\\/image\\\/\"},\"sameAs\":[\"https:\\\/\\\/www.facebook.com\\\/oscaralfonso.pabonmonroy.1\",\"https:\\\/\\\/www.instagram.com\\\/oscar_pabonmonroy\\\/?hl=es-la\"]},{\"@type\":\"Person\",\"@id\":\"https:\\\/\\\/www.oscarpabon.com\\\/#\\\/schema\\\/person\\\/e08a6cf87c5d689db2d61c650541b58a\",\"name\":\"admin\",\"image\":{\"@type\":\"ImageObject\",\"inLanguage\":\"es-CO\",\"@id\":\"https:\\\/\\\/secure.gravatar.com\\\/avatar\\\/eacb01c31dd696fe7956ce726e1ef152db76e7a5911d392ffed4587b2941f25c?s=96&d=wavatar&r=g\",\"url\":\"https:\\\/\\\/secure.gravatar.com\\\/avatar\\\/eacb01c31dd696fe7956ce726e1ef152db76e7a5911d392ffed4587b2941f25c?s=96&d=wavatar&r=g\",\"contentUrl\":\"https:\\\/\\\/secure.gravatar.com\\\/avatar\\\/eacb01c31dd696fe7956ce726e1ef152db76e7a5911d392ffed4587b2941f25c?s=96&d=wavatar&r=g\",\"caption\":\"admin\"},\"sameAs\":[\"http:\\\/\\\/localhost\\\/oscarPabon\"],\"url\":\"https:\\\/\\\/www.oscarpabon.com\\\/index.php\\\/author\\\/admin\\\/\"}]}<\/script>\n<!-- \/ Yoast SEO plugin. -->","yoast_head_json":{"title":"Salinas de Up\u00edn, la m\u00e1s antigua empresa regional | \u00d3scar Pab\u00f3n","description":"En el primer trimestre del a\u00f1o 2001 la siguiente cr\u00f3nica de mi cosecha apareci\u00f3 publicada en el Informe de Coyuntura Econ\u00f3mica Regional...","robots":{"index":"index","follow":"follow","max-snippet":"max-snippet:-1","max-image-preview":"max-image-preview:large","max-video-preview":"max-video-preview:-1"},"canonical":"https:\/\/www.oscarpabon.com\/index.php\/2022\/10\/17\/salinas-de-upin-la-mas-antigua-empresa-regional\/","og_locale":"es_ES","og_type":"article","og_title":"Salinas de Up\u00edn, la m\u00e1s antigua empresa regional | \u00d3scar Pab\u00f3n","og_description":"En el primer trimestre del a\u00f1o 2001 la siguiente cr\u00f3nica de mi cosecha apareci\u00f3 publicada en el Informe de Coyuntura Econ\u00f3mica Regional...","og_url":"https:\/\/www.oscarpabon.com\/index.php\/2022\/10\/17\/salinas-de-upin-la-mas-antigua-empresa-regional\/","og_site_name":"Oscar Pab\u00f3n | Comunicador Social y Ambiental","article_publisher":"https:\/\/www.facebook.com\/oscaralfonso.pabonmonroy.1","article_published_time":"2022-10-17T22:17:34+00:00","article_modified_time":"2022-11-10T01:56:15+00:00","og_image":[{"width":575,"height":431,"url":"https:\/\/www.oscarpabon.com\/wp-content\/uploads\/2022\/10\/Captura1-1.png","type":"image\/png"}],"author":"admin","twitter_card":"summary_large_image","twitter_misc":{"Escrito por":"admin","Tiempo de lectura":"8 minutos"},"schema":{"@context":"https:\/\/schema.org","@graph":[{"@type":"Article","@id":"https:\/\/www.oscarpabon.com\/index.php\/2022\/10\/17\/salinas-de-upin-la-mas-antigua-empresa-regional\/#article","isPartOf":{"@id":"https:\/\/www.oscarpabon.com\/index.php\/2022\/10\/17\/salinas-de-upin-la-mas-antigua-empresa-regional\/"},"author":{"name":"admin","@id":"https:\/\/www.oscarpabon.com\/#\/schema\/person\/e08a6cf87c5d689db2d61c650541b58a"},"headline":"Salinas de Up\u00edn, la m\u00e1s antigua empresa regional","datePublished":"2022-10-17T22:17:34+00:00","dateModified":"2022-11-10T01:56:15+00:00","mainEntityOfPage":{"@id":"https:\/\/www.oscarpabon.com\/index.php\/2022\/10\/17\/salinas-de-upin-la-mas-antigua-empresa-regional\/"},"wordCount":1762,"commentCount":5,"publisher":{"@id":"https:\/\/www.oscarpabon.com\/#organization"},"image":{"@id":"https:\/\/www.oscarpabon.com\/index.php\/2022\/10\/17\/salinas-de-upin-la-mas-antigua-empresa-regional\/#primaryimage"},"thumbnailUrl":"https:\/\/www.oscarpabon.com\/wp-content\/uploads\/2022\/10\/Captura1-1.png","articleSection":["Hist\u00f3rica y Cultural"],"inLanguage":"es-CO","potentialAction":[{"@type":"CommentAction","name":"Comment","target":["https:\/\/www.oscarpabon.com\/index.php\/2022\/10\/17\/salinas-de-upin-la-mas-antigua-empresa-regional\/#respond"]}]},{"@type":"WebPage","@id":"https:\/\/www.oscarpabon.com\/index.php\/2022\/10\/17\/salinas-de-upin-la-mas-antigua-empresa-regional\/","url":"https:\/\/www.oscarpabon.com\/index.php\/2022\/10\/17\/salinas-de-upin-la-mas-antigua-empresa-regional\/","name":"Salinas de Up\u00edn, la m\u00e1s antigua empresa regional | \u00d3scar Pab\u00f3n","isPartOf":{"@id":"https:\/\/www.oscarpabon.com\/#website"},"primaryImageOfPage":{"@id":"https:\/\/www.oscarpabon.com\/index.php\/2022\/10\/17\/salinas-de-upin-la-mas-antigua-empresa-regional\/#primaryimage"},"image":{"@id":"https:\/\/www.oscarpabon.com\/index.php\/2022\/10\/17\/salinas-de-upin-la-mas-antigua-empresa-regional\/#primaryimage"},"thumbnailUrl":"https:\/\/www.oscarpabon.com\/wp-content\/uploads\/2022\/10\/Captura1-1.png","datePublished":"2022-10-17T22:17:34+00:00","dateModified":"2022-11-10T01:56:15+00:00","description":"En el primer trimestre del a\u00f1o 2001 la siguiente cr\u00f3nica de mi cosecha apareci\u00f3 publicada en el Informe de Coyuntura Econ\u00f3mica Regional...","breadcrumb":{"@id":"https:\/\/www.oscarpabon.com\/index.php\/2022\/10\/17\/salinas-de-upin-la-mas-antigua-empresa-regional\/#breadcrumb"},"inLanguage":"es-CO","potentialAction":[{"@type":"ReadAction","target":["https:\/\/www.oscarpabon.com\/index.php\/2022\/10\/17\/salinas-de-upin-la-mas-antigua-empresa-regional\/"]}]},{"@type":"ImageObject","inLanguage":"es-CO","@id":"https:\/\/www.oscarpabon.com\/index.php\/2022\/10\/17\/salinas-de-upin-la-mas-antigua-empresa-regional\/#primaryimage","url":"https:\/\/www.oscarpabon.com\/wp-content\/uploads\/2022\/10\/Captura1-1.png","contentUrl":"https:\/\/www.oscarpabon.com\/wp-content\/uploads\/2022\/10\/Captura1-1.png","width":575,"height":431,"caption":"Salinas de Up\u00edn, la m\u00e1s antigua empresa regional"},{"@type":"BreadcrumbList","@id":"https:\/\/www.oscarpabon.com\/index.php\/2022\/10\/17\/salinas-de-upin-la-mas-antigua-empresa-regional\/#breadcrumb","itemListElement":[{"@type":"ListItem","position":1,"name":"Home","item":"https:\/\/www.oscarpabon.com\/"},{"@type":"ListItem","position":2,"name":"Salinas de Up\u00edn, la m\u00e1s antigua empresa regional"}]},{"@type":"WebSite","@id":"https:\/\/www.oscarpabon.com\/#website","url":"https:\/\/www.oscarpabon.com\/","name":"Oscar Pab\u00f3n | Comunicador Social y Ambiental","description":"P\u00e1gina web oficial del comunicador social y ambiental Oscar Pab\u00f3n de la ciudad de Villavicencio.","publisher":{"@id":"https:\/\/www.oscarpabon.com\/#organization"},"potentialAction":[{"@type":"SearchAction","target":{"@type":"EntryPoint","urlTemplate":"https:\/\/www.oscarpabon.com\/?s={search_term_string}"},"query-input":{"@type":"PropertyValueSpecification","valueRequired":true,"valueName":"search_term_string"}}],"inLanguage":"es-CO"},{"@type":"Organization","@id":"https:\/\/www.oscarpabon.com\/#organization","name":"Oscar Pab\u00f3n","url":"https:\/\/www.oscarpabon.com\/","logo":{"@type":"ImageObject","inLanguage":"es-CO","@id":"https:\/\/www.oscarpabon.com\/#\/schema\/logo\/image\/","url":"https:\/\/www.oscarpabon.com\/wp-content\/uploads\/2021\/06\/LogoOscarP.jpg","contentUrl":"https:\/\/www.oscarpabon.com\/wp-content\/uploads\/2021\/06\/LogoOscarP.jpg","width":512,"height":512,"caption":"Oscar Pab\u00f3n"},"image":{"@id":"https:\/\/www.oscarpabon.com\/#\/schema\/logo\/image\/"},"sameAs":["https:\/\/www.facebook.com\/oscaralfonso.pabonmonroy.1","https:\/\/www.instagram.com\/oscar_pabonmonroy\/?hl=es-la"]},{"@type":"Person","@id":"https:\/\/www.oscarpabon.com\/#\/schema\/person\/e08a6cf87c5d689db2d61c650541b58a","name":"admin","image":{"@type":"ImageObject","inLanguage":"es-CO","@id":"https:\/\/secure.gravatar.com\/avatar\/eacb01c31dd696fe7956ce726e1ef152db76e7a5911d392ffed4587b2941f25c?s=96&d=wavatar&r=g","url":"https:\/\/secure.gravatar.com\/avatar\/eacb01c31dd696fe7956ce726e1ef152db76e7a5911d392ffed4587b2941f25c?s=96&d=wavatar&r=g","contentUrl":"https:\/\/secure.gravatar.com\/avatar\/eacb01c31dd696fe7956ce726e1ef152db76e7a5911d392ffed4587b2941f25c?s=96&d=wavatar&r=g","caption":"admin"},"sameAs":["http:\/\/localhost\/oscarPabon"],"url":"https:\/\/www.oscarpabon.com\/index.php\/author\/admin\/"}]}},"_links":{"self":[{"href":"https:\/\/www.oscarpabon.com\/index.php\/wp-json\/wp\/v2\/posts\/872","targetHints":{"allow":["GET"]}}],"collection":[{"href":"https:\/\/www.oscarpabon.com\/index.php\/wp-json\/wp\/v2\/posts"}],"about":[{"href":"https:\/\/www.oscarpabon.com\/index.php\/wp-json\/wp\/v2\/types\/post"}],"author":[{"embeddable":true,"href":"https:\/\/www.oscarpabon.com\/index.php\/wp-json\/wp\/v2\/users\/1"}],"replies":[{"embeddable":true,"href":"https:\/\/www.oscarpabon.com\/index.php\/wp-json\/wp\/v2\/comments?post=872"}],"version-history":[{"count":2,"href":"https:\/\/www.oscarpabon.com\/index.php\/wp-json\/wp\/v2\/posts\/872\/revisions"}],"predecessor-version":[{"id":878,"href":"https:\/\/www.oscarpabon.com\/index.php\/wp-json\/wp\/v2\/posts\/872\/revisions\/878"}],"wp:featuredmedia":[{"embeddable":true,"href":"https:\/\/www.oscarpabon.com\/index.php\/wp-json\/wp\/v2\/media\/874"}],"wp:attachment":[{"href":"https:\/\/www.oscarpabon.com\/index.php\/wp-json\/wp\/v2\/media?parent=872"}],"wp:term":[{"taxonomy":"category","embeddable":true,"href":"https:\/\/www.oscarpabon.com\/index.php\/wp-json\/wp\/v2\/categories?post=872"},{"taxonomy":"post_tag","embeddable":true,"href":"https:\/\/www.oscarpabon.com\/index.php\/wp-json\/wp\/v2\/tags?post=872"}],"curies":[{"name":"wp","href":"https:\/\/api.w.org\/{rel}","templated":true}]}}