{"id":785,"date":"2022-07-04T20:41:43","date_gmt":"2022-07-05T01:41:43","guid":{"rendered":"https:\/\/www.oscarpabon.com\/?p=785"},"modified":"2022-07-25T13:42:31","modified_gmt":"2022-07-25T18:42:31","slug":"la-cancion-de-caracas-es-el-mismo-himno-de-venezuela","status":"publish","type":"post","link":"https:\/\/www.oscarpabon.com\/index.php\/2022\/07\/04\/la-cancion-de-caracas-es-el-mismo-himno-de-venezuela\/","title":{"rendered":"\u00bfLa Canci\u00f3n de Caracas es el mismo Himno de Venezuela?"},"content":{"rendered":"\n<p class=\"has-text-align-center\"><em>\u201cEl 18 (de julio) a las siete de la ma\u00f1ana abandon\u00e9 el Arcenal de la Alianza (nombre que \u00e9l le dio a un bosque de cedros aguas abajo de Cabuyaro en las bocas del r\u00edo T\u00faa) a bordo de siete curiaras..\u201d<\/em><\/p>\n\n\n\n<div class=\"wp-block-image\"><figure class=\"aligncenter size-large\"><img loading=\"lazy\" decoding=\"async\" width=\"1024\" height=\"673\" src=\"https:\/\/www.oscarpabon.com\/wp-content\/uploads\/2022\/07\/CabuyarO8-A-033-1024x673.jpg\" alt=\"\" class=\"wp-image-786\" srcset=\"https:\/\/www.oscarpabon.com\/wp-content\/uploads\/2022\/07\/CabuyarO8-A-033-1024x673.jpg 1024w, https:\/\/www.oscarpabon.com\/wp-content\/uploads\/2022\/07\/CabuyarO8-A-033-300x197.jpg 300w, https:\/\/www.oscarpabon.com\/wp-content\/uploads\/2022\/07\/CabuyarO8-A-033-768x505.jpg 768w, https:\/\/www.oscarpabon.com\/wp-content\/uploads\/2022\/07\/CabuyarO8-A-033-1536x1010.jpg 1536w, https:\/\/www.oscarpabon.com\/wp-content\/uploads\/2022\/07\/CabuyarO8-A-033-2048x1347.jpg 2048w\" sizes=\"auto, (max-width: 1024px) 100vw, 1024px\" \/><figcaption>En junio de 1811 por el metense puerto de Cabuyaro navegantes del r\u00edo Meta en curiaras bajaron y alegres entonaron el Canto a Caracas. (Foto: \u00d3scar A Pab\u00f3n M)<\/figcaption><\/figure><\/div>\n\n\n\n<p>Mientras adelantaba revisi\u00f3n bibliogr\u00e1fica sobre historia regional encontr\u00e9 un apunte que llam\u00f3 mi atenci\u00f3n. Se trata de la referencia que hace un cura chileno sobre un canto el que seg\u00fan mi parecer guarda parecido con el Himno nacional de Venezuela. El hallazgo bibliogr\u00e1fico fue en julio de 2009.<\/p>\n\n\n\n<p>La cita est\u00e1 en el libro <em>Descubrimientos y caminos de los Llanos Orientales<\/em>, autor\u00eda de Roberto Velandia, quien a partir de la p\u00e1gina 151 transcribe el diario del can\u00f3nigo Don Jos\u00e9 Cort\u00e9s de Madariaga, chileno con residencia en Caracas y al servicio de su Junta de Gobierno.<\/p>\n\n\n\n<p>Este ciudadano parti\u00f3 de Santaf\u00e9, el 14 de junio de 1811. Recorri\u00f3 caminos y aguas abajo transit\u00f3 por territorios metenses, casanare\u00f1os y vichadenses, luego por el Orinoco ingres\u00f3 a geograf\u00eda venezolana.<\/p>\n\n\n\n<p>Transcribo ahora el apunte de hace 211 a\u00f1os y lo hago tomando todo su contexto:<\/p>\n\n\n\n<p><em>\u201cEl 18 (de julio) a las siete de la ma\u00f1ana abandon\u00e9 el Arcenal de la Alianza (nombre que \u00e9l le dio a un bosque de cedros aguas abajo de Cabuyaro en las bocas del r\u00edo T\u00faa) a bordo de siete curiaras: al esp\u00edritu pavoroso de que me hallaba ocupado a consecuencias de los anteriores sufrimientos, a consideraci\u00f3n de hallarme aislado en regiones semidesiertas y al aspecto de mi comitiva dividida y vagante a la suerte de las aguas, de los vientos y de las fieras en el beneficio de la salud completa que disfrutaba con mis compa\u00f1eros y miraba afianzada en la reuni\u00f3n de los mismos y mis relaciones abiertas con la primera asociaci\u00f3n de los gentiles del Meta, contando desde aquel d\u00eda con la seguridad del viaje que hab\u00eda graduado incierto hasta la fecha.<\/em><\/p>\n\n\n\n<p><em>As\u00ed es que la alegr\u00eda y el placer se apoderaron de mi alma, concurriendo la casualidad de ser uno de mis socios apasionado a la m\u00fasica: su inclinaci\u00f3n le oblig\u00f3 a tomar la flauta para ejecutar la canci\u00f3n de Caracas Gloria al bravo pueblo, etc. y al resonar del suave instrumento unieron sus voces los que sab\u00edan la letra e hicieron sentir ecos los de la libertad a los bogas, interrumpi\u00e9ndolos por largo intervalo que a continuaci\u00f3n su ejercicio y produciendo en mi coraz\u00f3n emociones tiernas.\u201d p.156 <\/em><em>(1)<\/em><em>.<\/em><\/p>\n\n\n\n<p>De la narraci\u00f3n anterior planteo las siguientes conjeturas:<\/p>\n\n\n\n<ol class=\"wp-block-list\" type=\"a\"><li>La obra que el religioso titula \u201cCanci\u00f3n de Caracas\u201d con su inicial frase <em>Gloria al bravo pueblo<\/em>, al parecer en esos tiempos era un canto muy popular en los hoy territorios de Colombia y Venezuela, porque seg\u00fan su relato algunos integrantes de la tripulaci\u00f3n sab\u00edan tanto su melod\u00eda como la letra.<\/li><\/ol>\n\n\n\n<div class=\"wp-block-image\"><figure class=\"aligncenter size-full\"><img loading=\"lazy\" decoding=\"async\" width=\"323\" height=\"444\" src=\"https:\/\/www.oscarpabon.com\/wp-content\/uploads\/2022\/07\/Himno-Vz-partitura.png\" alt=\"\" class=\"wp-image-787\" srcset=\"https:\/\/www.oscarpabon.com\/wp-content\/uploads\/2022\/07\/Himno-Vz-partitura.png 323w, https:\/\/www.oscarpabon.com\/wp-content\/uploads\/2022\/07\/Himno-Vz-partitura-218x300.png 218w\" sizes=\"auto, (max-width: 323px) 100vw, 323px\" \/><figcaption>El patriota Canto a Caracas fue acogido como Himno venezolano en mayo de 1881. As\u00ed inicia su letra: &#8220;Gloria al bravo pueblo\u2026&#8221; (Imagen tomada de http:\/\/bibliotecadigital.bnv.gob.ve\/ )<\/figcaption><\/figure><\/div>\n\n\n\n<ul class=\"wp-block-list\"><li>Desde a\u00f1os antes de 1811 los movimientos independentistas en tierras venezolanas se ven\u00edan gestando teniendo como punto final el 5 de julio del referido a\u00f1o cuando ocurri\u00f3&nbsp; la firma del Acta de Independencia.<\/li><\/ul>\n\n\n\n<p>Quiere ello decir que mientras en Caracas ocurr\u00eda tan significativo hecho hist\u00f3rico el grupo expedicionario al mando del cl\u00e9rigo se encontraba transitando por la regi\u00f3n de Cabuyaro.<\/p>\n\n\n\n<ul class=\"wp-block-list\"><li>Para celebrar su suerte viajera el 18 de julio \u2013es decir 13 d\u00edas despu\u00e9s de la fecha en que aconteci\u00f3 la firma del Acta de la Independencia- emocionados entonaron la \u201cCanci\u00f3n de Caracas\u201d mientras navegaban las aguas de la cuenca media del Meta, a la altura del r\u00edo T\u00faa, ahora frontera de los departamentos de Casanare y Meta<\/li><li>El 25 de mayo de 1881, setenta a\u00f1os despu\u00e9s de la firma del Acta de Independencia, el presidente Antonio Guzm\u00e1n Blanco adopt\u00f3 de manera oficial como Himno de Venezuela la obra compuesta por Vicente Sal\u00edas y musicalizada por Juan Jos\u00e9 Landaeta (2).<\/li><li>Sabido es que el himno nacional venezolano inicia con la frase <em>\u201c\u00a1Gloria al bravo pueblo\u2026.!\u201d<\/em>, igual a como comienza la \u201cCanci\u00f3n de Caracas\u201d, entonada el 18 de julio de 1811 por algunos navegantes mientras bajaban por el r\u00edo Meta, tal como lo narra el curita chileno en su diario de viaje.<\/li><li>Se evidencia que la internacional ruta Meta\/Orinoco era utilizada para transporte fluvial de pasajeros y de carga.<\/li><li>Me queda la inquietud si las dos obras musicales son diferentes o si por el contenido patri\u00f3tico de la letra de la referida Canci\u00f3n de Caracas fue adoptada como s\u00edmbolo patrio venezolano por el presidente Guzm\u00e1n Blanco en su segundo mandato (3).<\/li><\/ul>\n\n\n\n<p>Citas:<\/p>\n\n\n\n<p>(1): Descubrimientos y caminos de los Llanos Orientales, Velandia Roberto, p. 156 Colcultura Bogot\u00e1. ISNB 958-612-096-1<\/p>\n\n\n\n<p>(2): Wikipedia<\/p>\n\n\n\n<p>(3): Enciclopedia Encarta<\/p>\n","protected":false},"excerpt":{"rendered":"<p>\u201cEl 18 (de julio) a las siete de la ma\u00f1ana abandon\u00e9 el Arcenal de la Alianza (nombre que \u00e9l le dio a un bosque de cedros aguas abajo de Cabuyaro en las bocas del r\u00edo T\u00faa) a bordo de siete&#8230;<\/p>\n","protected":false},"author":1,"featured_media":786,"comment_status":"open","ping_status":"open","sticky":false,"template":"","format":"standard","meta":{"_acf_changed":false,"footnotes":""},"categories":[4],"tags":[],"class_list":["post-785","post","type-post","status-publish","format-standard","has-post-thumbnail","hentry","category-historica_cultural"],"acf":[],"yoast_head":"<!-- This site is optimized with the Yoast SEO plugin v28.1 - https:\/\/yoast.com\/product\/yoast-seo-wordpress\/ -->\n<title>\u00bfLa Canci\u00f3n de Caracas es el mismo Himno de Venezuela? | \u00d3scar Pab\u00f3n<\/title>\n<meta name=\"description\" content=\"Mientras adelantaba revisi\u00f3n bibliogr\u00e1fica sobre historia regional encontr\u00e9 un apunte que llam\u00f3 mi atenci\u00f3n. Se trata de la referencia que...\" \/>\n<meta name=\"robots\" content=\"index, follow, max-snippet:-1, max-image-preview:large, max-video-preview:-1\" \/>\n<link rel=\"canonical\" href=\"https:\/\/www.oscarpabon.com\/index.php\/2022\/07\/04\/la-cancion-de-caracas-es-el-mismo-himno-de-venezuela\/\" \/>\n<meta property=\"og:locale\" content=\"es_ES\" \/>\n<meta property=\"og:type\" content=\"article\" \/>\n<meta property=\"og:title\" content=\"\u00bfLa Canci\u00f3n de Caracas es el mismo Himno de Venezuela? | \u00d3scar Pab\u00f3n\" \/>\n<meta property=\"og:description\" content=\"Mientras adelantaba revisi\u00f3n bibliogr\u00e1fica sobre historia regional encontr\u00e9 un apunte que llam\u00f3 mi atenci\u00f3n. Se trata de la referencia que...\" \/>\n<meta property=\"og:url\" content=\"https:\/\/www.oscarpabon.com\/index.php\/2022\/07\/04\/la-cancion-de-caracas-es-el-mismo-himno-de-venezuela\/\" \/>\n<meta property=\"og:site_name\" content=\"Oscar Pab\u00f3n | Comunicador Social y Ambiental\" \/>\n<meta property=\"article:publisher\" content=\"https:\/\/www.facebook.com\/oscaralfonso.pabonmonroy.1\" \/>\n<meta property=\"article:published_time\" content=\"2022-07-05T01:41:43+00:00\" \/>\n<meta property=\"article:modified_time\" content=\"2022-07-25T18:42:31+00:00\" \/>\n<meta property=\"og:image\" content=\"https:\/\/www.oscarpabon.com\/wp-content\/uploads\/2022\/07\/CabuyarO8-A-033.jpg\" \/>\n\t<meta property=\"og:image:width\" content=\"2080\" \/>\n\t<meta property=\"og:image:height\" content=\"1368\" \/>\n\t<meta property=\"og:image:type\" content=\"image\/jpeg\" \/>\n<meta name=\"author\" content=\"admin\" \/>\n<meta name=\"twitter:card\" content=\"summary_large_image\" \/>\n<meta name=\"twitter:label1\" content=\"Escrito por\" \/>\n\t<meta name=\"twitter:data1\" content=\"admin\" \/>\n\t<meta name=\"twitter:label2\" content=\"Tiempo de lectura\" \/>\n\t<meta name=\"twitter:data2\" content=\"5 minutos\" \/>\n<script type=\"application\/ld+json\" class=\"yoast-schema-graph\">{\"@context\":\"https:\\\/\\\/schema.org\",\"@graph\":[{\"@type\":\"Article\",\"@id\":\"https:\\\/\\\/www.oscarpabon.com\\\/index.php\\\/2022\\\/07\\\/04\\\/la-cancion-de-caracas-es-el-mismo-himno-de-venezuela\\\/#article\",\"isPartOf\":{\"@id\":\"https:\\\/\\\/www.oscarpabon.com\\\/index.php\\\/2022\\\/07\\\/04\\\/la-cancion-de-caracas-es-el-mismo-himno-de-venezuela\\\/\"},\"author\":{\"name\":\"admin\",\"@id\":\"https:\\\/\\\/www.oscarpabon.com\\\/#\\\/schema\\\/person\\\/e08a6cf87c5d689db2d61c650541b58a\"},\"headline\":\"\u00bfLa Canci\u00f3n de Caracas es el mismo Himno de Venezuela?\",\"datePublished\":\"2022-07-05T01:41:43+00:00\",\"dateModified\":\"2022-07-25T18:42:31+00:00\",\"mainEntityOfPage\":{\"@id\":\"https:\\\/\\\/www.oscarpabon.com\\\/index.php\\\/2022\\\/07\\\/04\\\/la-cancion-de-caracas-es-el-mismo-himno-de-venezuela\\\/\"},\"wordCount\":869,\"commentCount\":3,\"publisher\":{\"@id\":\"https:\\\/\\\/www.oscarpabon.com\\\/#organization\"},\"image\":{\"@id\":\"https:\\\/\\\/www.oscarpabon.com\\\/index.php\\\/2022\\\/07\\\/04\\\/la-cancion-de-caracas-es-el-mismo-himno-de-venezuela\\\/#primaryimage\"},\"thumbnailUrl\":\"https:\\\/\\\/www.oscarpabon.com\\\/wp-content\\\/uploads\\\/2022\\\/07\\\/CabuyarO8-A-033.jpg\",\"articleSection\":[\"Hist\u00f3rica y Cultural\"],\"inLanguage\":\"es-CO\",\"potentialAction\":[{\"@type\":\"CommentAction\",\"name\":\"Comment\",\"target\":[\"https:\\\/\\\/www.oscarpabon.com\\\/index.php\\\/2022\\\/07\\\/04\\\/la-cancion-de-caracas-es-el-mismo-himno-de-venezuela\\\/#respond\"]}]},{\"@type\":\"WebPage\",\"@id\":\"https:\\\/\\\/www.oscarpabon.com\\\/index.php\\\/2022\\\/07\\\/04\\\/la-cancion-de-caracas-es-el-mismo-himno-de-venezuela\\\/\",\"url\":\"https:\\\/\\\/www.oscarpabon.com\\\/index.php\\\/2022\\\/07\\\/04\\\/la-cancion-de-caracas-es-el-mismo-himno-de-venezuela\\\/\",\"name\":\"\u00bfLa Canci\u00f3n de Caracas es el mismo Himno de Venezuela? | \u00d3scar Pab\u00f3n\",\"isPartOf\":{\"@id\":\"https:\\\/\\\/www.oscarpabon.com\\\/#website\"},\"primaryImageOfPage\":{\"@id\":\"https:\\\/\\\/www.oscarpabon.com\\\/index.php\\\/2022\\\/07\\\/04\\\/la-cancion-de-caracas-es-el-mismo-himno-de-venezuela\\\/#primaryimage\"},\"image\":{\"@id\":\"https:\\\/\\\/www.oscarpabon.com\\\/index.php\\\/2022\\\/07\\\/04\\\/la-cancion-de-caracas-es-el-mismo-himno-de-venezuela\\\/#primaryimage\"},\"thumbnailUrl\":\"https:\\\/\\\/www.oscarpabon.com\\\/wp-content\\\/uploads\\\/2022\\\/07\\\/CabuyarO8-A-033.jpg\",\"datePublished\":\"2022-07-05T01:41:43+00:00\",\"dateModified\":\"2022-07-25T18:42:31+00:00\",\"description\":\"Mientras adelantaba revisi\u00f3n bibliogr\u00e1fica sobre historia regional encontr\u00e9 un apunte que llam\u00f3 mi atenci\u00f3n. Se trata de la referencia que...\",\"breadcrumb\":{\"@id\":\"https:\\\/\\\/www.oscarpabon.com\\\/index.php\\\/2022\\\/07\\\/04\\\/la-cancion-de-caracas-es-el-mismo-himno-de-venezuela\\\/#breadcrumb\"},\"inLanguage\":\"es-CO\",\"potentialAction\":[{\"@type\":\"ReadAction\",\"target\":[\"https:\\\/\\\/www.oscarpabon.com\\\/index.php\\\/2022\\\/07\\\/04\\\/la-cancion-de-caracas-es-el-mismo-himno-de-venezuela\\\/\"]}]},{\"@type\":\"ImageObject\",\"inLanguage\":\"es-CO\",\"@id\":\"https:\\\/\\\/www.oscarpabon.com\\\/index.php\\\/2022\\\/07\\\/04\\\/la-cancion-de-caracas-es-el-mismo-himno-de-venezuela\\\/#primaryimage\",\"url\":\"https:\\\/\\\/www.oscarpabon.com\\\/wp-content\\\/uploads\\\/2022\\\/07\\\/CabuyarO8-A-033.jpg\",\"contentUrl\":\"https:\\\/\\\/www.oscarpabon.com\\\/wp-content\\\/uploads\\\/2022\\\/07\\\/CabuyarO8-A-033.jpg\",\"width\":2080,\"height\":1368,\"caption\":\"puerto de Cabuyaro\"},{\"@type\":\"BreadcrumbList\",\"@id\":\"https:\\\/\\\/www.oscarpabon.com\\\/index.php\\\/2022\\\/07\\\/04\\\/la-cancion-de-caracas-es-el-mismo-himno-de-venezuela\\\/#breadcrumb\",\"itemListElement\":[{\"@type\":\"ListItem\",\"position\":1,\"name\":\"Home\",\"item\":\"https:\\\/\\\/www.oscarpabon.com\\\/\"},{\"@type\":\"ListItem\",\"position\":2,\"name\":\"\u00bfLa Canci\u00f3n de Caracas es el mismo Himno de Venezuela?\"}]},{\"@type\":\"WebSite\",\"@id\":\"https:\\\/\\\/www.oscarpabon.com\\\/#website\",\"url\":\"https:\\\/\\\/www.oscarpabon.com\\\/\",\"name\":\"Oscar Pab\u00f3n | Comunicador Social y Ambiental\",\"description\":\"P\u00e1gina web oficial del comunicador social y ambiental Oscar Pab\u00f3n de la ciudad de Villavicencio.\",\"publisher\":{\"@id\":\"https:\\\/\\\/www.oscarpabon.com\\\/#organization\"},\"potentialAction\":[{\"@type\":\"SearchAction\",\"target\":{\"@type\":\"EntryPoint\",\"urlTemplate\":\"https:\\\/\\\/www.oscarpabon.com\\\/?s={search_term_string}\"},\"query-input\":{\"@type\":\"PropertyValueSpecification\",\"valueRequired\":true,\"valueName\":\"search_term_string\"}}],\"inLanguage\":\"es-CO\"},{\"@type\":\"Organization\",\"@id\":\"https:\\\/\\\/www.oscarpabon.com\\\/#organization\",\"name\":\"Oscar Pab\u00f3n\",\"url\":\"https:\\\/\\\/www.oscarpabon.com\\\/\",\"logo\":{\"@type\":\"ImageObject\",\"inLanguage\":\"es-CO\",\"@id\":\"https:\\\/\\\/www.oscarpabon.com\\\/#\\\/schema\\\/logo\\\/image\\\/\",\"url\":\"https:\\\/\\\/www.oscarpabon.com\\\/wp-content\\\/uploads\\\/2021\\\/06\\\/LogoOscarP.jpg\",\"contentUrl\":\"https:\\\/\\\/www.oscarpabon.com\\\/wp-content\\\/uploads\\\/2021\\\/06\\\/LogoOscarP.jpg\",\"width\":512,\"height\":512,\"caption\":\"Oscar Pab\u00f3n\"},\"image\":{\"@id\":\"https:\\\/\\\/www.oscarpabon.com\\\/#\\\/schema\\\/logo\\\/image\\\/\"},\"sameAs\":[\"https:\\\/\\\/www.facebook.com\\\/oscaralfonso.pabonmonroy.1\",\"https:\\\/\\\/www.instagram.com\\\/oscar_pabonmonroy\\\/?hl=es-la\"]},{\"@type\":\"Person\",\"@id\":\"https:\\\/\\\/www.oscarpabon.com\\\/#\\\/schema\\\/person\\\/e08a6cf87c5d689db2d61c650541b58a\",\"name\":\"admin\",\"image\":{\"@type\":\"ImageObject\",\"inLanguage\":\"es-CO\",\"@id\":\"https:\\\/\\\/secure.gravatar.com\\\/avatar\\\/eacb01c31dd696fe7956ce726e1ef152db76e7a5911d392ffed4587b2941f25c?s=96&d=wavatar&r=g\",\"url\":\"https:\\\/\\\/secure.gravatar.com\\\/avatar\\\/eacb01c31dd696fe7956ce726e1ef152db76e7a5911d392ffed4587b2941f25c?s=96&d=wavatar&r=g\",\"contentUrl\":\"https:\\\/\\\/secure.gravatar.com\\\/avatar\\\/eacb01c31dd696fe7956ce726e1ef152db76e7a5911d392ffed4587b2941f25c?s=96&d=wavatar&r=g\",\"caption\":\"admin\"},\"sameAs\":[\"http:\\\/\\\/localhost\\\/oscarPabon\"],\"url\":\"https:\\\/\\\/www.oscarpabon.com\\\/index.php\\\/author\\\/admin\\\/\"}]}<\/script>\n<!-- \/ Yoast SEO plugin. -->","yoast_head_json":{"title":"\u00bfLa Canci\u00f3n de Caracas es el mismo Himno de Venezuela? | \u00d3scar Pab\u00f3n","description":"Mientras adelantaba revisi\u00f3n bibliogr\u00e1fica sobre historia regional encontr\u00e9 un apunte que llam\u00f3 mi atenci\u00f3n. Se trata de la referencia que...","robots":{"index":"index","follow":"follow","max-snippet":"max-snippet:-1","max-image-preview":"max-image-preview:large","max-video-preview":"max-video-preview:-1"},"canonical":"https:\/\/www.oscarpabon.com\/index.php\/2022\/07\/04\/la-cancion-de-caracas-es-el-mismo-himno-de-venezuela\/","og_locale":"es_ES","og_type":"article","og_title":"\u00bfLa Canci\u00f3n de Caracas es el mismo Himno de Venezuela? | \u00d3scar Pab\u00f3n","og_description":"Mientras adelantaba revisi\u00f3n bibliogr\u00e1fica sobre historia regional encontr\u00e9 un apunte que llam\u00f3 mi atenci\u00f3n. Se trata de la referencia que...","og_url":"https:\/\/www.oscarpabon.com\/index.php\/2022\/07\/04\/la-cancion-de-caracas-es-el-mismo-himno-de-venezuela\/","og_site_name":"Oscar Pab\u00f3n | Comunicador Social y Ambiental","article_publisher":"https:\/\/www.facebook.com\/oscaralfonso.pabonmonroy.1","article_published_time":"2022-07-05T01:41:43+00:00","article_modified_time":"2022-07-25T18:42:31+00:00","og_image":[{"width":2080,"height":1368,"url":"https:\/\/www.oscarpabon.com\/wp-content\/uploads\/2022\/07\/CabuyarO8-A-033.jpg","type":"image\/jpeg"}],"author":"admin","twitter_card":"summary_large_image","twitter_misc":{"Escrito por":"admin","Tiempo de lectura":"5 minutos"},"schema":{"@context":"https:\/\/schema.org","@graph":[{"@type":"Article","@id":"https:\/\/www.oscarpabon.com\/index.php\/2022\/07\/04\/la-cancion-de-caracas-es-el-mismo-himno-de-venezuela\/#article","isPartOf":{"@id":"https:\/\/www.oscarpabon.com\/index.php\/2022\/07\/04\/la-cancion-de-caracas-es-el-mismo-himno-de-venezuela\/"},"author":{"name":"admin","@id":"https:\/\/www.oscarpabon.com\/#\/schema\/person\/e08a6cf87c5d689db2d61c650541b58a"},"headline":"\u00bfLa Canci\u00f3n de Caracas es el mismo Himno de Venezuela?","datePublished":"2022-07-05T01:41:43+00:00","dateModified":"2022-07-25T18:42:31+00:00","mainEntityOfPage":{"@id":"https:\/\/www.oscarpabon.com\/index.php\/2022\/07\/04\/la-cancion-de-caracas-es-el-mismo-himno-de-venezuela\/"},"wordCount":869,"commentCount":3,"publisher":{"@id":"https:\/\/www.oscarpabon.com\/#organization"},"image":{"@id":"https:\/\/www.oscarpabon.com\/index.php\/2022\/07\/04\/la-cancion-de-caracas-es-el-mismo-himno-de-venezuela\/#primaryimage"},"thumbnailUrl":"https:\/\/www.oscarpabon.com\/wp-content\/uploads\/2022\/07\/CabuyarO8-A-033.jpg","articleSection":["Hist\u00f3rica y Cultural"],"inLanguage":"es-CO","potentialAction":[{"@type":"CommentAction","name":"Comment","target":["https:\/\/www.oscarpabon.com\/index.php\/2022\/07\/04\/la-cancion-de-caracas-es-el-mismo-himno-de-venezuela\/#respond"]}]},{"@type":"WebPage","@id":"https:\/\/www.oscarpabon.com\/index.php\/2022\/07\/04\/la-cancion-de-caracas-es-el-mismo-himno-de-venezuela\/","url":"https:\/\/www.oscarpabon.com\/index.php\/2022\/07\/04\/la-cancion-de-caracas-es-el-mismo-himno-de-venezuela\/","name":"\u00bfLa Canci\u00f3n de Caracas es el mismo Himno de Venezuela? | \u00d3scar Pab\u00f3n","isPartOf":{"@id":"https:\/\/www.oscarpabon.com\/#website"},"primaryImageOfPage":{"@id":"https:\/\/www.oscarpabon.com\/index.php\/2022\/07\/04\/la-cancion-de-caracas-es-el-mismo-himno-de-venezuela\/#primaryimage"},"image":{"@id":"https:\/\/www.oscarpabon.com\/index.php\/2022\/07\/04\/la-cancion-de-caracas-es-el-mismo-himno-de-venezuela\/#primaryimage"},"thumbnailUrl":"https:\/\/www.oscarpabon.com\/wp-content\/uploads\/2022\/07\/CabuyarO8-A-033.jpg","datePublished":"2022-07-05T01:41:43+00:00","dateModified":"2022-07-25T18:42:31+00:00","description":"Mientras adelantaba revisi\u00f3n bibliogr\u00e1fica sobre historia regional encontr\u00e9 un apunte que llam\u00f3 mi atenci\u00f3n. Se trata de la referencia que...","breadcrumb":{"@id":"https:\/\/www.oscarpabon.com\/index.php\/2022\/07\/04\/la-cancion-de-caracas-es-el-mismo-himno-de-venezuela\/#breadcrumb"},"inLanguage":"es-CO","potentialAction":[{"@type":"ReadAction","target":["https:\/\/www.oscarpabon.com\/index.php\/2022\/07\/04\/la-cancion-de-caracas-es-el-mismo-himno-de-venezuela\/"]}]},{"@type":"ImageObject","inLanguage":"es-CO","@id":"https:\/\/www.oscarpabon.com\/index.php\/2022\/07\/04\/la-cancion-de-caracas-es-el-mismo-himno-de-venezuela\/#primaryimage","url":"https:\/\/www.oscarpabon.com\/wp-content\/uploads\/2022\/07\/CabuyarO8-A-033.jpg","contentUrl":"https:\/\/www.oscarpabon.com\/wp-content\/uploads\/2022\/07\/CabuyarO8-A-033.jpg","width":2080,"height":1368,"caption":"puerto de Cabuyaro"},{"@type":"BreadcrumbList","@id":"https:\/\/www.oscarpabon.com\/index.php\/2022\/07\/04\/la-cancion-de-caracas-es-el-mismo-himno-de-venezuela\/#breadcrumb","itemListElement":[{"@type":"ListItem","position":1,"name":"Home","item":"https:\/\/www.oscarpabon.com\/"},{"@type":"ListItem","position":2,"name":"\u00bfLa Canci\u00f3n de Caracas es el mismo Himno de Venezuela?"}]},{"@type":"WebSite","@id":"https:\/\/www.oscarpabon.com\/#website","url":"https:\/\/www.oscarpabon.com\/","name":"Oscar Pab\u00f3n | Comunicador Social y Ambiental","description":"P\u00e1gina web oficial del comunicador social y ambiental Oscar Pab\u00f3n de la ciudad de Villavicencio.","publisher":{"@id":"https:\/\/www.oscarpabon.com\/#organization"},"potentialAction":[{"@type":"SearchAction","target":{"@type":"EntryPoint","urlTemplate":"https:\/\/www.oscarpabon.com\/?s={search_term_string}"},"query-input":{"@type":"PropertyValueSpecification","valueRequired":true,"valueName":"search_term_string"}}],"inLanguage":"es-CO"},{"@type":"Organization","@id":"https:\/\/www.oscarpabon.com\/#organization","name":"Oscar Pab\u00f3n","url":"https:\/\/www.oscarpabon.com\/","logo":{"@type":"ImageObject","inLanguage":"es-CO","@id":"https:\/\/www.oscarpabon.com\/#\/schema\/logo\/image\/","url":"https:\/\/www.oscarpabon.com\/wp-content\/uploads\/2021\/06\/LogoOscarP.jpg","contentUrl":"https:\/\/www.oscarpabon.com\/wp-content\/uploads\/2021\/06\/LogoOscarP.jpg","width":512,"height":512,"caption":"Oscar Pab\u00f3n"},"image":{"@id":"https:\/\/www.oscarpabon.com\/#\/schema\/logo\/image\/"},"sameAs":["https:\/\/www.facebook.com\/oscaralfonso.pabonmonroy.1","https:\/\/www.instagram.com\/oscar_pabonmonroy\/?hl=es-la"]},{"@type":"Person","@id":"https:\/\/www.oscarpabon.com\/#\/schema\/person\/e08a6cf87c5d689db2d61c650541b58a","name":"admin","image":{"@type":"ImageObject","inLanguage":"es-CO","@id":"https:\/\/secure.gravatar.com\/avatar\/eacb01c31dd696fe7956ce726e1ef152db76e7a5911d392ffed4587b2941f25c?s=96&d=wavatar&r=g","url":"https:\/\/secure.gravatar.com\/avatar\/eacb01c31dd696fe7956ce726e1ef152db76e7a5911d392ffed4587b2941f25c?s=96&d=wavatar&r=g","contentUrl":"https:\/\/secure.gravatar.com\/avatar\/eacb01c31dd696fe7956ce726e1ef152db76e7a5911d392ffed4587b2941f25c?s=96&d=wavatar&r=g","caption":"admin"},"sameAs":["http:\/\/localhost\/oscarPabon"],"url":"https:\/\/www.oscarpabon.com\/index.php\/author\/admin\/"}]}},"_links":{"self":[{"href":"https:\/\/www.oscarpabon.com\/index.php\/wp-json\/wp\/v2\/posts\/785","targetHints":{"allow":["GET"]}}],"collection":[{"href":"https:\/\/www.oscarpabon.com\/index.php\/wp-json\/wp\/v2\/posts"}],"about":[{"href":"https:\/\/www.oscarpabon.com\/index.php\/wp-json\/wp\/v2\/types\/post"}],"author":[{"embeddable":true,"href":"https:\/\/www.oscarpabon.com\/index.php\/wp-json\/wp\/v2\/users\/1"}],"replies":[{"embeddable":true,"href":"https:\/\/www.oscarpabon.com\/index.php\/wp-json\/wp\/v2\/comments?post=785"}],"version-history":[{"count":9,"href":"https:\/\/www.oscarpabon.com\/index.php\/wp-json\/wp\/v2\/posts\/785\/revisions"}],"predecessor-version":[{"id":796,"href":"https:\/\/www.oscarpabon.com\/index.php\/wp-json\/wp\/v2\/posts\/785\/revisions\/796"}],"wp:featuredmedia":[{"embeddable":true,"href":"https:\/\/www.oscarpabon.com\/index.php\/wp-json\/wp\/v2\/media\/786"}],"wp:attachment":[{"href":"https:\/\/www.oscarpabon.com\/index.php\/wp-json\/wp\/v2\/media?parent=785"}],"wp:term":[{"taxonomy":"category","embeddable":true,"href":"https:\/\/www.oscarpabon.com\/index.php\/wp-json\/wp\/v2\/categories?post=785"},{"taxonomy":"post_tag","embeddable":true,"href":"https:\/\/www.oscarpabon.com\/index.php\/wp-json\/wp\/v2\/tags?post=785"}],"curies":[{"name":"wp","href":"https:\/\/api.w.org\/{rel}","templated":true}]}}