{"id":732,"date":"2022-04-08T19:53:09","date_gmt":"2022-04-09T00:53:09","guid":{"rendered":"https:\/\/www.oscarpabon.com\/?p=732"},"modified":"2022-04-24T11:22:23","modified_gmt":"2022-04-24T16:22:23","slug":"aquel-9-de-abril-en-el-pueblo-de-villavicencio","status":"publish","type":"post","link":"https:\/\/www.oscarpabon.com\/index.php\/2022\/04\/08\/aquel-9-de-abril-en-el-pueblo-de-villavicencio\/","title":{"rendered":"Aquel 9 de abril en el pueblo de Villavicencio"},"content":{"rendered":"\n<div class=\"wp-block-image\"><figure class=\"aligncenter size-large\"><img loading=\"lazy\" decoding=\"async\" width=\"1024\" height=\"566\" src=\"https:\/\/www.oscarpabon.com\/wp-content\/uploads\/2022\/04\/Panoramica-1024x566.jpg\" alt=\"\" class=\"wp-image-733\" srcset=\"https:\/\/www.oscarpabon.com\/wp-content\/uploads\/2022\/04\/Panoramica-1024x566.jpg 1024w, https:\/\/www.oscarpabon.com\/wp-content\/uploads\/2022\/04\/Panoramica-300x166.jpg 300w, https:\/\/www.oscarpabon.com\/wp-content\/uploads\/2022\/04\/Panoramica-768x425.jpg 768w, https:\/\/www.oscarpabon.com\/wp-content\/uploads\/2022\/04\/Panoramica-1536x849.jpg 1536w, https:\/\/www.oscarpabon.com\/wp-content\/uploads\/2022\/04\/Panoramica-2048x1133.jpg 2048w\" sizes=\"auto, (max-width: 1024px) 100vw, 1024px\" \/><figcaption>Composici\u00f3n urbana de Villavicencio en los a\u00f1os de la intestina violencia partidista (Foto: Guillermo Herrera V. y la FAFO)<\/figcaption><\/figure><\/div>\n\n\n\n<p>Con motivo del D\u00eda Nacional de la memoria y solidaridad con las v\u00edctimas del conflicto armado, rescato esta cr\u00f3nica que redact\u00e9 hace veintis\u00e9is a\u00f1os texto que de cuando en cuando he ido alimentando con m\u00e1s datos, siendo esta la m\u00e1s reciente versi\u00f3n.<\/p>\n\n\n\n<h3 class=\"wp-block-heading\"><strong>Los sucesos en Villavicencio:<\/strong><\/h3>\n\n\n\n<div style=\"height:20px\" aria-hidden=\"true\" class=\"wp-block-spacer\"><\/div>\n\n\n\n<p>Desconcertados quedaron los habitantes de Villavicencio pasada la una y media de la tarde de aquel viernes, cuando desde Bogot\u00e1 y a trav\u00e9s de sus radios escucharon la noticia sobre el asesinato de Gait\u00e1n.<\/p>\n\n\n\n<p>Una mezcla de rabia, miedo y tristeza cundi\u00f3 a los liberales del pueblo, sentimiento que se hizo m\u00e1s cr\u00edtico al ser suspendido inexplicablemente el servicio el\u00e9ctrico, hecho que imped\u00eda continuar enter\u00e1ndose de los acontecimientos de la capital.<\/p>\n\n\n\n<p>Al parecer, las autoridades municipales en vista de la gravedad de la noticia y con miras a evitar la alteraci\u00f3n de los \u00e1nimos, optaron por suspender dicho fluido. Para la \u00e9poca, los radios no funcionaban con pilas ni mucho menos hab\u00eda sistema transistorizado.&nbsp;<\/p>\n\n\n\n<p>Dicha medida result\u00f3 contraproducente, ya que lejos de cumplir su objetivo fue el detonante para encender los \u00e1nimos de los pueblerinos adeptos del caudillo del pueblo Jorge Eli\u00e9cer Gait\u00e1n.<\/p>\n\n\n\n<p>Como consecuencia del referido corte de electricidad, se fue formando una gruesa manifestaci\u00f3n armada la que entre vivas al partido liberal y abajos al conservador (que en cabeza de Mariano Ospina P\u00e9rez gobernaba a Colombia), se moviliz\u00f3 por las calles c\u00e9ntricas.<\/p>\n\n\n\n<p>Subi\u00f3 por la del hoy hotel Savoy, lleg\u00f3 al sector norte del parque Infantil, acera en donde la localizaba la sede de la empresa de energ\u00eda el\u00e9ctrica. All\u00ed demand\u00f3 de \u00e9sta el restablecimiento del servicio, pedido que los enardecidos lograron de inmediato.<\/p>\n\n\n\n<p>Luego, encolerizados bajaron por la calle Real sobre la cual se ubicaban la alcald\u00eda municipal y el puesto de polic\u00eda, esquina en la cual se registr\u00f3 una confrontaci\u00f3n violenta entre la fuerza p\u00fablica y los ofuscados civiles.&nbsp;<\/p>\n\n\n\n<p>Resultado: tres uniformados muertos y destrucci\u00f3n parcial de las volquetas recolectoras de basura, parqueadas frente al denominado Edificio Municipal.<\/p>\n\n\n\n<p>Las actividades cotidianas se suspendieron de inmediato debido al caos que en pleno centro se desat\u00f3. Por ello los estudiantes fueron devueltos a sus casas; as\u00ed mismo los empleados y dem\u00e1s personas ajenas a lo que acontec\u00eda para evitar encontrarse con la enardecida muchedumbre tuvieron que extraviar y buscar nuevas rutas para ir a sus viviendas.<\/p>\n\n\n\n<div class=\"wp-block-image\"><figure class=\"aligncenter size-full\"><img loading=\"lazy\" decoding=\"async\" width=\"800\" height=\"600\" src=\"https:\/\/www.oscarpabon.com\/wp-content\/uploads\/2022\/04\/9-abril-lapida.jpg\" alt=\"\" class=\"wp-image-737\" srcset=\"https:\/\/www.oscarpabon.com\/wp-content\/uploads\/2022\/04\/9-abril-lapida.jpg 800w, https:\/\/www.oscarpabon.com\/wp-content\/uploads\/2022\/04\/9-abril-lapida-300x225.jpg 300w, https:\/\/www.oscarpabon.com\/wp-content\/uploads\/2022\/04\/9-abril-lapida-768x576.jpg 768w\" sizes=\"auto, (max-width: 800px) 100vw, 800px\" \/><figcaption>C\u00e9ntrico lugar bogotano, carrera 7\u00aa con 19, en donde asesinaron al caudillo del pueblo Jorge Eli\u00e9cer Gait\u00e1n (Foto: \u00d3scar A Pab\u00f3n M)<\/figcaption><\/figure><\/div>\n\n\n\n<p>Como era de esperarse, pronto el pueblo qued\u00f3 militarizado. Esa noche los habitantes en sus casas con incertidumbre estuvieron pendientes de las noticias que los radios de tubos marcas Philco, Telefunken y RCA V\u00edctor desde Bogot\u00e1 trasmit\u00edan en torno a la alarmante situaci\u00f3n que dominaba a la capital de la Rep\u00fablica.<\/p>\n\n\n\n<h3 class=\"wp-block-heading\"><strong>De Bogot\u00e1 para Villavicencio:<\/strong><\/h3>\n\n\n\n<div style=\"height:20px\" aria-hidden=\"true\" class=\"wp-block-spacer\"><\/div>\n\n\n\n<p>El oportunismo comercial de toda ocasi\u00f3n no se hizo esperar. De manera sorprendente y a pesar de la dif\u00edcil comunicaci\u00f3n con Bogot\u00e1 por v\u00eda terrestre, sumado al caos all\u00ed reinante, casi al otro d\u00eda ya en Villavicencio se ofrecieron mercanc\u00edas de las saqueadas en los grandes almacenes de la capitalina carrera s\u00e9ptima. De esta manera y a precios c\u00f3modos los villavicenses obtuvieron herramientas, relojes, lujosos abrigos y otros varios art\u00edculos.<\/p>\n\n\n\n<h3 class=\"wp-block-heading\"><strong>Lo que vino luego de ese d\u00eda:<\/strong><\/h3>\n\n\n\n<div style=\"height:20px\" aria-hidden=\"true\" class=\"wp-block-spacer\"><\/div>\n\n\n\n<p>Aunque los \u00e1nimos se atemperaron en el pueblo, en los siguientes d\u00edas de aquel viernes 9 de abril el nerviosismo qued\u00f3 entre las gentes, quiz\u00e1 como prepar\u00e1ndolas para afrontar aciagos momentos que pronto aparecieron, haciendo eco a lo que ocurr\u00eda en el resto del pa\u00eds.<\/p>\n\n\n\n<p>Villavicencio como lugar estrat\u00e9gico de entrada y salida&nbsp; del Llano soport\u00f3 durante todo el tiempo en que se desarroll\u00f3 esta etapa triste de la historia que conocemos como la&nbsp;<em>\u201cviolencia de los a\u00f1os cincuenta\u201d<\/em>, durante la cual&nbsp; el Oriente colombiano fue el principal escenario.<\/p>\n\n\n\n<p>Escuchando hoy las narraciones de esas jornadas, parece que los hechos acaecidos en la capital del Meta fueran pasajes inveros\u00edmiles de una tr\u00e1gica novela, puesto que se mont\u00f3 una implacable persecuci\u00f3n contra los liberales, cuyas casas en las noches y como sentencia de destierro eran se\u00f1aladas con carb\u00f3n.<\/p>\n\n\n\n<p>Muchos fueron v\u00edctimas de atentados en sus viviendas y otros ejecutados en las mismas calles que de manera rutinaria amanec\u00edan ensangrentadas. Incre\u00edble es o\u00edr contar, que el r\u00edo Guatiqu\u00eda fue sepultura de muchos cad\u00e1veres de NN, culpados y ejecutados por ser liberales.&nbsp;&nbsp;&nbsp; &nbsp;<\/p>\n\n\n\n<h3 class=\"wp-block-heading\"><strong>Humanismo sobre fanatismo partidista: &nbsp;&nbsp;&nbsp;<\/strong><\/h3>\n\n\n\n<div style=\"height:20px\" aria-hidden=\"true\" class=\"wp-block-spacer\"><\/div>\n\n\n\n<div class=\"wp-block-image\"><figure class=\"aligncenter size-large\"><img loading=\"lazy\" decoding=\"async\" width=\"1024\" height=\"768\" src=\"https:\/\/www.oscarpabon.com\/wp-content\/uploads\/2022\/04\/9-abril-dona-Julia-R-1024x768.jpg\" alt=\"\" class=\"wp-image-735\" srcset=\"https:\/\/www.oscarpabon.com\/wp-content\/uploads\/2022\/04\/9-abril-dona-Julia-R-1024x768.jpg 1024w, https:\/\/www.oscarpabon.com\/wp-content\/uploads\/2022\/04\/9-abril-dona-Julia-R-300x225.jpg 300w, https:\/\/www.oscarpabon.com\/wp-content\/uploads\/2022\/04\/9-abril-dona-Julia-R-768x576.jpg 768w, https:\/\/www.oscarpabon.com\/wp-content\/uploads\/2022\/04\/9-abril-dona-Julia-R-1536x1152.jpg 1536w, https:\/\/www.oscarpabon.com\/wp-content\/uploads\/2022\/04\/9-abril-dona-Julia-R-2048x1536.jpg 2048w\" sizes=\"auto, (max-width: 1024px) 100vw, 1024px\" \/><figcaption>En el a\u00f1o 2004 para el libro Hechos y Personajes del Llano escrib\u00ed la cr\u00f3nica sobre Julia Rodr\u00edguez M\u00e9ndez, de filiaci\u00f3n conservadora quien en la capital del Meta ayud\u00f3 a muchos liberales (el libro lo edit\u00f3 la Casa Editorial El Tiempo)<\/figcaption><\/figure><\/div>\n\n\n\n<p>Luego de&nbsp;los a\u00f1os trascurridos desde aquel 9 de abril de 1948, quienes en Villavicencio fueron testigos de lo ocurrido ese d\u00eda y del posterior largo proceso de violencia generado por tal suceso, que enfrent\u00f3 de manera encarnecida a&nbsp;<em>chulavitas<\/em>&nbsp;y&nbsp;<em>cachiporros<\/em>&nbsp;(l\u00e9ase conservadores y liberales), recordaron y reconocieron las buenas acciones de algunos prestantes ciudadanos militantes del partido conservador, que poniendo su humanismo por encima del fanatismo sectario de tan dif\u00edcil \u00e9poca, ayudaron a cuanto liberal les llam\u00f3.<\/p>\n\n\n\n<p>Casos como el de do\u00f1a Julia Rodr\u00edguez M\u00e9ndez y familia (parientes cercanos del ex presidente Abad\u00eda M\u00e9ndez), as\u00ed como el m\u00e9dico Jorge Sabogal, quienes colaboraron en la obtenci\u00f3n de \u201csalvoconductos de movilizaci\u00f3n\u201d, a personas del pueblo y muchas otras llegadas en angustiosa persecuci\u00f3n desde el Llano adentro, quienes en interminables filas trataban de conseguir ese documento oficial para poder salir de la regi\u00f3n.<\/p>\n\n\n\n<p>Este \u00e9xodo provocado les obligaba a abandonar todo tipo de propiedades, oportunidad \u2013al parecer- que aprovecharon muchos que \u201cpescaron en r\u00edo revuelto\u201d logrando hacer fortuna f\u00e1cilmente.<\/p>\n\n\n\n<p>La benevolencia del galeno Sabogal le ocasion\u00f3 problemas entre sus copartidarios, quienes en represalia por auxiliar a la \u201cchusma\u201d (calificativo en aquellos a\u00f1os dado a los liberales alzados en armas y que generalizaban para todos los seguidores de esa ideolog\u00eda pol\u00edtica), cierta noche le arrojaron una bomba que destroz\u00f3 parte de una de sus casas.<\/p>\n\n\n\n<p>La informaci\u00f3n con la cual arm\u00e9 esta cr\u00f3nica me la suministraron Sebasti\u00e1n Pab\u00f3n H, t\u00edo paterno, y mi mam\u00e1 Rita Monroy quienes fueron testigos directos de los episodios narrados.<\/p>\n\n\n\n<p>Por vez primera quiero ahora compartir unas acciones solidarias a nivel familiar que en tiempos de esa violencia sucedieron. Antes digo que la casa de Bibiana, mi abuela paterna y del partido Conservador, quedaba en la \u00faltima cuadra de la llamada calle real antes de llegar al parque Infantil, ese inmueble a\u00fan est\u00e1 y se ubica subiendo a mano izquierda.<\/p>\n\n\n\n<p>Sus vecinos de la casa esquinera, familia Chaquea, por ser liberales fueron amenazados. Como prevenci\u00f3n de alg\u00fan nocturno atentado con bomba, era el modus operandi, por los colindantes zarzos de las dos viviendas los integrantes de dicha familia pasaban a la casa de mi abuela para protegerse.<\/p>\n\n\n\n<p>Otro hecho estuvo a cargo de mi abuela y de mi mam\u00e1 quien para la \u00e9poca era muy joven, fue la acogida que en la casa le bridaron a Ram\u00f3n Monroy- t\u00edo de mi madre- y a su familia, quienes por ser liberales fueron desplazados de su ganadera finca en Trinidad, Casanare, y buscaron llegar Villavicencio para ir&nbsp; a Sogamoso.<\/p>\n\n\n\n<div class=\"wp-block-image\"><figure class=\"aligncenter size-large\"><img loading=\"lazy\" decoding=\"async\" width=\"1024\" height=\"768\" src=\"https:\/\/www.oscarpabon.com\/wp-content\/uploads\/2022\/04\/9-abril-Gloria-G-1024x768.jpg\" alt=\"\" class=\"wp-image-736\" srcset=\"https:\/\/www.oscarpabon.com\/wp-content\/uploads\/2022\/04\/9-abril-Gloria-G-1024x768.jpg 1024w, https:\/\/www.oscarpabon.com\/wp-content\/uploads\/2022\/04\/9-abril-Gloria-G-300x225.jpg 300w, https:\/\/www.oscarpabon.com\/wp-content\/uploads\/2022\/04\/9-abril-Gloria-G-768x576.jpg 768w, https:\/\/www.oscarpabon.com\/wp-content\/uploads\/2022\/04\/9-abril-Gloria-G-1536x1152.jpg 1536w, https:\/\/www.oscarpabon.com\/wp-content\/uploads\/2022\/04\/9-abril-Gloria-G.jpg 1787w\" sizes=\"auto, (max-width: 1024px) 100vw, 1024px\" \/><figcaption>En evento acad\u00e9mico tuve la ocasi\u00f3n de conocer a do\u00f1a Gloria la \u00fanica heredera de Jorge Eli\u00e9cer Gait\u00e1n, fue en la Universidad de los Andes en marzo de 2016 (Foto: archivo personal)<\/figcaption><\/figure><\/div>\n\n\n\n<p>Aunque conservadora mi abuela los hosped\u00f3 y mi mam\u00e1 \u2013liberal- gestion\u00f3 con do\u00f1a Julia Rodr\u00edguez y el doctor Sabogal la expedici\u00f3n de salvoconductos que los acreditaban que no eran \u201cchusmeros\u201d. Adem\u00e1s de dicho pasaporte a mis desterrados parientes los aperaron de ropas para clima fr\u00edo, luego partieron rumbo a tierras sogamose\u00f1as. &nbsp;&nbsp;<\/p>\n\n\n\n<p>Cierro esta cr\u00f3nica con la recomendaci\u00f3n de mirar <em>\u201cEl potro chusmero\u201d<\/em> documental filmado en sectores de Acac\u00edas, Meta. Su enlace es el siguiente:<\/p>\n\n\n\n<figure class=\"wp-block-embed is-type-video is-provider-youtube wp-block-embed-youtube wp-embed-aspect-4-3 wp-has-aspect-ratio\"><div class=\"wp-block-embed__wrapper\">\n<iframe loading=\"lazy\" title=\"El potro chusmero (1985) - [Cortometraje completo]\" width=\"500\" height=\"375\" src=\"https:\/\/www.youtube.com\/embed\/mg9zSggklxo?feature=oembed\" frameborder=\"0\" allow=\"accelerometer; autoplay; clipboard-write; encrypted-media; gyroscope; picture-in-picture; web-share\" referrerpolicy=\"strict-origin-when-cross-origin\" allowfullscreen><\/iframe>\n<\/div><\/figure>\n\n\n\n<div style=\"height:30px\" aria-hidden=\"true\" class=\"wp-block-spacer\"><\/div>\n\n\n\n<p>Nota: El peri\u00f3dico Llano Siete d\u00edas public\u00f3 la primera versi\u00f3n de esta cr\u00f3nica en la edici\u00f3n del martes 9 de abril de 1996, p\u00e1gina 3.<br><br><\/p>\n","protected":false},"excerpt":{"rendered":"<p>Con motivo del D\u00eda Nacional de la memoria y solidaridad con las v\u00edctimas del conflicto armado, rescato esta cr\u00f3nica que redact\u00e9 hace veintis\u00e9is a\u00f1os texto que de cuando en cuando he ido alimentando con m\u00e1s datos, siendo esta la m\u00e1s&#8230;<\/p>\n","protected":false},"author":1,"featured_media":733,"comment_status":"open","ping_status":"open","sticky":false,"template":"","format":"standard","meta":{"_acf_changed":false,"footnotes":""},"categories":[4],"tags":[],"class_list":["post-732","post","type-post","status-publish","format-standard","has-post-thumbnail","hentry","category-historica_cultural"],"acf":[],"yoast_head":"<!-- This site is optimized with the Yoast SEO plugin v28.1 - https:\/\/yoast.com\/product\/yoast-seo-wordpress\/ -->\n<title>Aquel 9 de abril en el pueblo de Villavicencio | \u00d3scar Pab\u00f3n | 2022<\/title>\n<meta name=\"description\" content=\"Con motivo del D\u00eda Nacional de la memoria y solidaridad con las v\u00edctimas del conflicto armado, rescato esta cr\u00f3nica que redact\u00e9 hace...\" \/>\n<meta name=\"robots\" content=\"index, follow, max-snippet:-1, max-image-preview:large, max-video-preview:-1\" \/>\n<link rel=\"canonical\" href=\"https:\/\/www.oscarpabon.com\/index.php\/2022\/04\/08\/aquel-9-de-abril-en-el-pueblo-de-villavicencio\/\" \/>\n<meta property=\"og:locale\" content=\"es_ES\" \/>\n<meta property=\"og:type\" content=\"article\" \/>\n<meta property=\"og:title\" content=\"Aquel 9 de abril en el pueblo de Villavicencio | \u00d3scar Pab\u00f3n | 2022\" \/>\n<meta property=\"og:description\" content=\"Con motivo del D\u00eda Nacional de la memoria y solidaridad con las v\u00edctimas del conflicto armado, rescato esta cr\u00f3nica que redact\u00e9 hace...\" \/>\n<meta property=\"og:url\" content=\"https:\/\/www.oscarpabon.com\/index.php\/2022\/04\/08\/aquel-9-de-abril-en-el-pueblo-de-villavicencio\/\" \/>\n<meta property=\"og:site_name\" content=\"Oscar Pab\u00f3n | Comunicador Social y Ambiental\" \/>\n<meta property=\"article:publisher\" content=\"https:\/\/www.facebook.com\/oscaralfonso.pabonmonroy.1\" \/>\n<meta property=\"article:published_time\" content=\"2022-04-09T00:53:09+00:00\" \/>\n<meta property=\"article:modified_time\" content=\"2022-04-24T16:22:23+00:00\" \/>\n<meta property=\"og:image\" content=\"https:\/\/www.oscarpabon.com\/wp-content\/uploads\/2022\/04\/Panoramica-scaled.jpg\" \/>\n\t<meta property=\"og:image:width\" content=\"2560\" \/>\n\t<meta property=\"og:image:height\" content=\"1416\" \/>\n\t<meta property=\"og:image:type\" content=\"image\/jpeg\" \/>\n<meta name=\"author\" content=\"admin\" \/>\n<meta name=\"twitter:card\" content=\"summary_large_image\" \/>\n<meta name=\"twitter:label1\" content=\"Escrito por\" \/>\n\t<meta name=\"twitter:data1\" content=\"admin\" \/>\n\t<meta name=\"twitter:label2\" content=\"Tiempo de lectura\" \/>\n\t<meta name=\"twitter:data2\" content=\"7 minutos\" \/>\n<script type=\"application\/ld+json\" class=\"yoast-schema-graph\">{\"@context\":\"https:\\\/\\\/schema.org\",\"@graph\":[{\"@type\":\"Article\",\"@id\":\"https:\\\/\\\/www.oscarpabon.com\\\/index.php\\\/2022\\\/04\\\/08\\\/aquel-9-de-abril-en-el-pueblo-de-villavicencio\\\/#article\",\"isPartOf\":{\"@id\":\"https:\\\/\\\/www.oscarpabon.com\\\/index.php\\\/2022\\\/04\\\/08\\\/aquel-9-de-abril-en-el-pueblo-de-villavicencio\\\/\"},\"author\":{\"name\":\"admin\",\"@id\":\"https:\\\/\\\/www.oscarpabon.com\\\/#\\\/schema\\\/person\\\/e08a6cf87c5d689db2d61c650541b58a\"},\"headline\":\"Aquel 9 de abril en el pueblo de Villavicencio\",\"datePublished\":\"2022-04-09T00:53:09+00:00\",\"dateModified\":\"2022-04-24T16:22:23+00:00\",\"mainEntityOfPage\":{\"@id\":\"https:\\\/\\\/www.oscarpabon.com\\\/index.php\\\/2022\\\/04\\\/08\\\/aquel-9-de-abril-en-el-pueblo-de-villavicencio\\\/\"},\"wordCount\":1480,\"commentCount\":5,\"publisher\":{\"@id\":\"https:\\\/\\\/www.oscarpabon.com\\\/#organization\"},\"image\":{\"@id\":\"https:\\\/\\\/www.oscarpabon.com\\\/index.php\\\/2022\\\/04\\\/08\\\/aquel-9-de-abril-en-el-pueblo-de-villavicencio\\\/#primaryimage\"},\"thumbnailUrl\":\"https:\\\/\\\/www.oscarpabon.com\\\/wp-content\\\/uploads\\\/2022\\\/04\\\/Panoramica-scaled.jpg\",\"articleSection\":[\"Hist\u00f3rica y Cultural\"],\"inLanguage\":\"es-CO\",\"potentialAction\":[{\"@type\":\"CommentAction\",\"name\":\"Comment\",\"target\":[\"https:\\\/\\\/www.oscarpabon.com\\\/index.php\\\/2022\\\/04\\\/08\\\/aquel-9-de-abril-en-el-pueblo-de-villavicencio\\\/#respond\"]}]},{\"@type\":\"WebPage\",\"@id\":\"https:\\\/\\\/www.oscarpabon.com\\\/index.php\\\/2022\\\/04\\\/08\\\/aquel-9-de-abril-en-el-pueblo-de-villavicencio\\\/\",\"url\":\"https:\\\/\\\/www.oscarpabon.com\\\/index.php\\\/2022\\\/04\\\/08\\\/aquel-9-de-abril-en-el-pueblo-de-villavicencio\\\/\",\"name\":\"Aquel 9 de abril en el pueblo de Villavicencio | \u00d3scar Pab\u00f3n | 2022\",\"isPartOf\":{\"@id\":\"https:\\\/\\\/www.oscarpabon.com\\\/#website\"},\"primaryImageOfPage\":{\"@id\":\"https:\\\/\\\/www.oscarpabon.com\\\/index.php\\\/2022\\\/04\\\/08\\\/aquel-9-de-abril-en-el-pueblo-de-villavicencio\\\/#primaryimage\"},\"image\":{\"@id\":\"https:\\\/\\\/www.oscarpabon.com\\\/index.php\\\/2022\\\/04\\\/08\\\/aquel-9-de-abril-en-el-pueblo-de-villavicencio\\\/#primaryimage\"},\"thumbnailUrl\":\"https:\\\/\\\/www.oscarpabon.com\\\/wp-content\\\/uploads\\\/2022\\\/04\\\/Panoramica-scaled.jpg\",\"datePublished\":\"2022-04-09T00:53:09+00:00\",\"dateModified\":\"2022-04-24T16:22:23+00:00\",\"description\":\"Con motivo del D\u00eda Nacional de la memoria y solidaridad con las v\u00edctimas del conflicto armado, rescato esta cr\u00f3nica que redact\u00e9 hace...\",\"breadcrumb\":{\"@id\":\"https:\\\/\\\/www.oscarpabon.com\\\/index.php\\\/2022\\\/04\\\/08\\\/aquel-9-de-abril-en-el-pueblo-de-villavicencio\\\/#breadcrumb\"},\"inLanguage\":\"es-CO\",\"potentialAction\":[{\"@type\":\"ReadAction\",\"target\":[\"https:\\\/\\\/www.oscarpabon.com\\\/index.php\\\/2022\\\/04\\\/08\\\/aquel-9-de-abril-en-el-pueblo-de-villavicencio\\\/\"]}]},{\"@type\":\"ImageObject\",\"inLanguage\":\"es-CO\",\"@id\":\"https:\\\/\\\/www.oscarpabon.com\\\/index.php\\\/2022\\\/04\\\/08\\\/aquel-9-de-abril-en-el-pueblo-de-villavicencio\\\/#primaryimage\",\"url\":\"https:\\\/\\\/www.oscarpabon.com\\\/wp-content\\\/uploads\\\/2022\\\/04\\\/Panoramica-scaled.jpg\",\"contentUrl\":\"https:\\\/\\\/www.oscarpabon.com\\\/wp-content\\\/uploads\\\/2022\\\/04\\\/Panoramica-scaled.jpg\",\"width\":2560,\"height\":1416},{\"@type\":\"BreadcrumbList\",\"@id\":\"https:\\\/\\\/www.oscarpabon.com\\\/index.php\\\/2022\\\/04\\\/08\\\/aquel-9-de-abril-en-el-pueblo-de-villavicencio\\\/#breadcrumb\",\"itemListElement\":[{\"@type\":\"ListItem\",\"position\":1,\"name\":\"Home\",\"item\":\"https:\\\/\\\/www.oscarpabon.com\\\/\"},{\"@type\":\"ListItem\",\"position\":2,\"name\":\"Aquel 9 de abril en el pueblo de Villavicencio\"}]},{\"@type\":\"WebSite\",\"@id\":\"https:\\\/\\\/www.oscarpabon.com\\\/#website\",\"url\":\"https:\\\/\\\/www.oscarpabon.com\\\/\",\"name\":\"Oscar Pab\u00f3n | Comunicador Social y Ambiental\",\"description\":\"P\u00e1gina web oficial del comunicador social y ambiental Oscar Pab\u00f3n de la ciudad de Villavicencio.\",\"publisher\":{\"@id\":\"https:\\\/\\\/www.oscarpabon.com\\\/#organization\"},\"potentialAction\":[{\"@type\":\"SearchAction\",\"target\":{\"@type\":\"EntryPoint\",\"urlTemplate\":\"https:\\\/\\\/www.oscarpabon.com\\\/?s={search_term_string}\"},\"query-input\":{\"@type\":\"PropertyValueSpecification\",\"valueRequired\":true,\"valueName\":\"search_term_string\"}}],\"inLanguage\":\"es-CO\"},{\"@type\":\"Organization\",\"@id\":\"https:\\\/\\\/www.oscarpabon.com\\\/#organization\",\"name\":\"Oscar Pab\u00f3n\",\"url\":\"https:\\\/\\\/www.oscarpabon.com\\\/\",\"logo\":{\"@type\":\"ImageObject\",\"inLanguage\":\"es-CO\",\"@id\":\"https:\\\/\\\/www.oscarpabon.com\\\/#\\\/schema\\\/logo\\\/image\\\/\",\"url\":\"https:\\\/\\\/www.oscarpabon.com\\\/wp-content\\\/uploads\\\/2021\\\/06\\\/LogoOscarP.jpg\",\"contentUrl\":\"https:\\\/\\\/www.oscarpabon.com\\\/wp-content\\\/uploads\\\/2021\\\/06\\\/LogoOscarP.jpg\",\"width\":512,\"height\":512,\"caption\":\"Oscar Pab\u00f3n\"},\"image\":{\"@id\":\"https:\\\/\\\/www.oscarpabon.com\\\/#\\\/schema\\\/logo\\\/image\\\/\"},\"sameAs\":[\"https:\\\/\\\/www.facebook.com\\\/oscaralfonso.pabonmonroy.1\",\"https:\\\/\\\/www.instagram.com\\\/oscar_pabonmonroy\\\/?hl=es-la\"]},{\"@type\":\"Person\",\"@id\":\"https:\\\/\\\/www.oscarpabon.com\\\/#\\\/schema\\\/person\\\/e08a6cf87c5d689db2d61c650541b58a\",\"name\":\"admin\",\"image\":{\"@type\":\"ImageObject\",\"inLanguage\":\"es-CO\",\"@id\":\"https:\\\/\\\/secure.gravatar.com\\\/avatar\\\/eacb01c31dd696fe7956ce726e1ef152db76e7a5911d392ffed4587b2941f25c?s=96&d=wavatar&r=g\",\"url\":\"https:\\\/\\\/secure.gravatar.com\\\/avatar\\\/eacb01c31dd696fe7956ce726e1ef152db76e7a5911d392ffed4587b2941f25c?s=96&d=wavatar&r=g\",\"contentUrl\":\"https:\\\/\\\/secure.gravatar.com\\\/avatar\\\/eacb01c31dd696fe7956ce726e1ef152db76e7a5911d392ffed4587b2941f25c?s=96&d=wavatar&r=g\",\"caption\":\"admin\"},\"sameAs\":[\"http:\\\/\\\/localhost\\\/oscarPabon\"],\"url\":\"https:\\\/\\\/www.oscarpabon.com\\\/index.php\\\/author\\\/admin\\\/\"}]}<\/script>\n<!-- \/ Yoast SEO plugin. -->","yoast_head_json":{"title":"Aquel 9 de abril en el pueblo de Villavicencio | \u00d3scar Pab\u00f3n | 2022","description":"Con motivo del D\u00eda Nacional de la memoria y solidaridad con las v\u00edctimas del conflicto armado, rescato esta cr\u00f3nica que redact\u00e9 hace...","robots":{"index":"index","follow":"follow","max-snippet":"max-snippet:-1","max-image-preview":"max-image-preview:large","max-video-preview":"max-video-preview:-1"},"canonical":"https:\/\/www.oscarpabon.com\/index.php\/2022\/04\/08\/aquel-9-de-abril-en-el-pueblo-de-villavicencio\/","og_locale":"es_ES","og_type":"article","og_title":"Aquel 9 de abril en el pueblo de Villavicencio | \u00d3scar Pab\u00f3n | 2022","og_description":"Con motivo del D\u00eda Nacional de la memoria y solidaridad con las v\u00edctimas del conflicto armado, rescato esta cr\u00f3nica que redact\u00e9 hace...","og_url":"https:\/\/www.oscarpabon.com\/index.php\/2022\/04\/08\/aquel-9-de-abril-en-el-pueblo-de-villavicencio\/","og_site_name":"Oscar Pab\u00f3n | Comunicador Social y Ambiental","article_publisher":"https:\/\/www.facebook.com\/oscaralfonso.pabonmonroy.1","article_published_time":"2022-04-09T00:53:09+00:00","article_modified_time":"2022-04-24T16:22:23+00:00","og_image":[{"width":2560,"height":1416,"url":"https:\/\/www.oscarpabon.com\/wp-content\/uploads\/2022\/04\/Panoramica-scaled.jpg","type":"image\/jpeg"}],"author":"admin","twitter_card":"summary_large_image","twitter_misc":{"Escrito por":"admin","Tiempo de lectura":"7 minutos"},"schema":{"@context":"https:\/\/schema.org","@graph":[{"@type":"Article","@id":"https:\/\/www.oscarpabon.com\/index.php\/2022\/04\/08\/aquel-9-de-abril-en-el-pueblo-de-villavicencio\/#article","isPartOf":{"@id":"https:\/\/www.oscarpabon.com\/index.php\/2022\/04\/08\/aquel-9-de-abril-en-el-pueblo-de-villavicencio\/"},"author":{"name":"admin","@id":"https:\/\/www.oscarpabon.com\/#\/schema\/person\/e08a6cf87c5d689db2d61c650541b58a"},"headline":"Aquel 9 de abril en el pueblo de Villavicencio","datePublished":"2022-04-09T00:53:09+00:00","dateModified":"2022-04-24T16:22:23+00:00","mainEntityOfPage":{"@id":"https:\/\/www.oscarpabon.com\/index.php\/2022\/04\/08\/aquel-9-de-abril-en-el-pueblo-de-villavicencio\/"},"wordCount":1480,"commentCount":5,"publisher":{"@id":"https:\/\/www.oscarpabon.com\/#organization"},"image":{"@id":"https:\/\/www.oscarpabon.com\/index.php\/2022\/04\/08\/aquel-9-de-abril-en-el-pueblo-de-villavicencio\/#primaryimage"},"thumbnailUrl":"https:\/\/www.oscarpabon.com\/wp-content\/uploads\/2022\/04\/Panoramica-scaled.jpg","articleSection":["Hist\u00f3rica y Cultural"],"inLanguage":"es-CO","potentialAction":[{"@type":"CommentAction","name":"Comment","target":["https:\/\/www.oscarpabon.com\/index.php\/2022\/04\/08\/aquel-9-de-abril-en-el-pueblo-de-villavicencio\/#respond"]}]},{"@type":"WebPage","@id":"https:\/\/www.oscarpabon.com\/index.php\/2022\/04\/08\/aquel-9-de-abril-en-el-pueblo-de-villavicencio\/","url":"https:\/\/www.oscarpabon.com\/index.php\/2022\/04\/08\/aquel-9-de-abril-en-el-pueblo-de-villavicencio\/","name":"Aquel 9 de abril en el pueblo de Villavicencio | \u00d3scar Pab\u00f3n | 2022","isPartOf":{"@id":"https:\/\/www.oscarpabon.com\/#website"},"primaryImageOfPage":{"@id":"https:\/\/www.oscarpabon.com\/index.php\/2022\/04\/08\/aquel-9-de-abril-en-el-pueblo-de-villavicencio\/#primaryimage"},"image":{"@id":"https:\/\/www.oscarpabon.com\/index.php\/2022\/04\/08\/aquel-9-de-abril-en-el-pueblo-de-villavicencio\/#primaryimage"},"thumbnailUrl":"https:\/\/www.oscarpabon.com\/wp-content\/uploads\/2022\/04\/Panoramica-scaled.jpg","datePublished":"2022-04-09T00:53:09+00:00","dateModified":"2022-04-24T16:22:23+00:00","description":"Con motivo del D\u00eda Nacional de la memoria y solidaridad con las v\u00edctimas del conflicto armado, rescato esta cr\u00f3nica que redact\u00e9 hace...","breadcrumb":{"@id":"https:\/\/www.oscarpabon.com\/index.php\/2022\/04\/08\/aquel-9-de-abril-en-el-pueblo-de-villavicencio\/#breadcrumb"},"inLanguage":"es-CO","potentialAction":[{"@type":"ReadAction","target":["https:\/\/www.oscarpabon.com\/index.php\/2022\/04\/08\/aquel-9-de-abril-en-el-pueblo-de-villavicencio\/"]}]},{"@type":"ImageObject","inLanguage":"es-CO","@id":"https:\/\/www.oscarpabon.com\/index.php\/2022\/04\/08\/aquel-9-de-abril-en-el-pueblo-de-villavicencio\/#primaryimage","url":"https:\/\/www.oscarpabon.com\/wp-content\/uploads\/2022\/04\/Panoramica-scaled.jpg","contentUrl":"https:\/\/www.oscarpabon.com\/wp-content\/uploads\/2022\/04\/Panoramica-scaled.jpg","width":2560,"height":1416},{"@type":"BreadcrumbList","@id":"https:\/\/www.oscarpabon.com\/index.php\/2022\/04\/08\/aquel-9-de-abril-en-el-pueblo-de-villavicencio\/#breadcrumb","itemListElement":[{"@type":"ListItem","position":1,"name":"Home","item":"https:\/\/www.oscarpabon.com\/"},{"@type":"ListItem","position":2,"name":"Aquel 9 de abril en el pueblo de Villavicencio"}]},{"@type":"WebSite","@id":"https:\/\/www.oscarpabon.com\/#website","url":"https:\/\/www.oscarpabon.com\/","name":"Oscar Pab\u00f3n | Comunicador Social y Ambiental","description":"P\u00e1gina web oficial del comunicador social y ambiental Oscar Pab\u00f3n de la ciudad de Villavicencio.","publisher":{"@id":"https:\/\/www.oscarpabon.com\/#organization"},"potentialAction":[{"@type":"SearchAction","target":{"@type":"EntryPoint","urlTemplate":"https:\/\/www.oscarpabon.com\/?s={search_term_string}"},"query-input":{"@type":"PropertyValueSpecification","valueRequired":true,"valueName":"search_term_string"}}],"inLanguage":"es-CO"},{"@type":"Organization","@id":"https:\/\/www.oscarpabon.com\/#organization","name":"Oscar Pab\u00f3n","url":"https:\/\/www.oscarpabon.com\/","logo":{"@type":"ImageObject","inLanguage":"es-CO","@id":"https:\/\/www.oscarpabon.com\/#\/schema\/logo\/image\/","url":"https:\/\/www.oscarpabon.com\/wp-content\/uploads\/2021\/06\/LogoOscarP.jpg","contentUrl":"https:\/\/www.oscarpabon.com\/wp-content\/uploads\/2021\/06\/LogoOscarP.jpg","width":512,"height":512,"caption":"Oscar Pab\u00f3n"},"image":{"@id":"https:\/\/www.oscarpabon.com\/#\/schema\/logo\/image\/"},"sameAs":["https:\/\/www.facebook.com\/oscaralfonso.pabonmonroy.1","https:\/\/www.instagram.com\/oscar_pabonmonroy\/?hl=es-la"]},{"@type":"Person","@id":"https:\/\/www.oscarpabon.com\/#\/schema\/person\/e08a6cf87c5d689db2d61c650541b58a","name":"admin","image":{"@type":"ImageObject","inLanguage":"es-CO","@id":"https:\/\/secure.gravatar.com\/avatar\/eacb01c31dd696fe7956ce726e1ef152db76e7a5911d392ffed4587b2941f25c?s=96&d=wavatar&r=g","url":"https:\/\/secure.gravatar.com\/avatar\/eacb01c31dd696fe7956ce726e1ef152db76e7a5911d392ffed4587b2941f25c?s=96&d=wavatar&r=g","contentUrl":"https:\/\/secure.gravatar.com\/avatar\/eacb01c31dd696fe7956ce726e1ef152db76e7a5911d392ffed4587b2941f25c?s=96&d=wavatar&r=g","caption":"admin"},"sameAs":["http:\/\/localhost\/oscarPabon"],"url":"https:\/\/www.oscarpabon.com\/index.php\/author\/admin\/"}]}},"_links":{"self":[{"href":"https:\/\/www.oscarpabon.com\/index.php\/wp-json\/wp\/v2\/posts\/732","targetHints":{"allow":["GET"]}}],"collection":[{"href":"https:\/\/www.oscarpabon.com\/index.php\/wp-json\/wp\/v2\/posts"}],"about":[{"href":"https:\/\/www.oscarpabon.com\/index.php\/wp-json\/wp\/v2\/types\/post"}],"author":[{"embeddable":true,"href":"https:\/\/www.oscarpabon.com\/index.php\/wp-json\/wp\/v2\/users\/1"}],"replies":[{"embeddable":true,"href":"https:\/\/www.oscarpabon.com\/index.php\/wp-json\/wp\/v2\/comments?post=732"}],"version-history":[{"count":3,"href":"https:\/\/www.oscarpabon.com\/index.php\/wp-json\/wp\/v2\/posts\/732\/revisions"}],"predecessor-version":[{"id":740,"href":"https:\/\/www.oscarpabon.com\/index.php\/wp-json\/wp\/v2\/posts\/732\/revisions\/740"}],"wp:featuredmedia":[{"embeddable":true,"href":"https:\/\/www.oscarpabon.com\/index.php\/wp-json\/wp\/v2\/media\/733"}],"wp:attachment":[{"href":"https:\/\/www.oscarpabon.com\/index.php\/wp-json\/wp\/v2\/media?parent=732"}],"wp:term":[{"taxonomy":"category","embeddable":true,"href":"https:\/\/www.oscarpabon.com\/index.php\/wp-json\/wp\/v2\/categories?post=732"},{"taxonomy":"post_tag","embeddable":true,"href":"https:\/\/www.oscarpabon.com\/index.php\/wp-json\/wp\/v2\/tags?post=732"}],"curies":[{"name":"wp","href":"https:\/\/api.w.org\/{rel}","templated":true}]}}