{"id":621,"date":"2021-12-19T21:46:14","date_gmt":"2021-12-20T02:46:14","guid":{"rendered":"https:\/\/www.oscarpabon.com\/?p=621"},"modified":"2021-12-28T22:31:07","modified_gmt":"2021-12-29T03:31:07","slug":"la-sabrosa-sopa-de-bolas-de-fuentedeoro-tiene-joropo-con-su-historia","status":"publish","type":"post","link":"https:\/\/www.oscarpabon.com\/index.php\/2021\/12\/19\/la-sabrosa-sopa-de-bolas-de-fuentedeoro-tiene-joropo-con-su-historia\/","title":{"rendered":"La sabrosa Sopa de bolas de Fuentedeoro tiene joropo con su historia"},"content":{"rendered":"\n<p class=\"has-text-align-center\"><em>\u201cPocos platos tradicionales de nuestros territorios han sido inspiraci\u00f3n para componerles alegres joropos, caso particular es la Sopa de bolas de Fuentedeoro.<\/em><\/p>\n\n\n\n<div class=\"wp-block-image\"><figure class=\"aligncenter size-full\"><img loading=\"lazy\" decoding=\"async\" width=\"671\" height=\"589\" src=\"https:\/\/www.oscarpabon.com\/wp-content\/uploads\/2021\/12\/Fuentedeoro-balance-2020docx.png\" alt=\"fuentedeoro\" class=\"wp-image-622\" srcset=\"https:\/\/www.oscarpabon.com\/wp-content\/uploads\/2021\/12\/Fuentedeoro-balance-2020docx.png 671w, https:\/\/www.oscarpabon.com\/wp-content\/uploads\/2021\/12\/Fuentedeoro-balance-2020docx-300x263.png 300w\" sizes=\"auto, (max-width: 671px) 100vw, 671px\" \/><figcaption>Bit\u00e1cora de las acciones logradas entre los a\u00f1os 2010 y 2020 (Foto: Centro de Memoria eeri eeri de Fuentedeoro)<\/figcaption><\/figure><\/div>\n\n\n\n<p>Por el tema de este art\u00edculo y con el fin de darle contexto lo inicio diciendo que una de las obras del literato uruguayo Mario Benedetti se titula \u201cEl olvido est\u00e1 lleno de memoria\u201d. Se trata de un poemario suyo publicado en 1995.<\/p>\n\n\n\n<p>El nombre de la obra literaria es quiz\u00e1 el mejor mensaje que nos lleva a reflexionar sobre la importancia que dentro de las familias y de las sociedades sus integrantes deben seguir para ser vig\u00edas permanentes conservando o recuperando y&nbsp; visibilizando los respectivos patrimonios culturales intangibles y tangibles.<\/p>\n\n\n\n<p>En esta oportunidad cuento que desde hace aproximadamente doce a\u00f1os hay un ejercicio que sigue dicho enfoque. Lo cumple un poco en silencio pero con labor constante el municipal Centro de Memoria eeri eeri de Fuentedeoro, Meta.<\/p>\n\n\n\n<p>Sorprende para bien que sus l\u00edderes hayan mantenido vigente el colectivo pues en su contra han afrontado factores como afugias financieras y la mundial pandemia del Coronavirus. Conozco a Jairo Parrado y a Mauricio Mendieta quienes en calidad de timoneles en tiempos de sequ\u00edas y de lluvias han conducido esa ariarense canoa cultural.<\/p>\n\n\n\n<p>Como evidencia de las acciones cumplidas hasta este final del 2021 por el Centro de Memoria eeri eeri de Fuentedeoro me valgo del documento <em>Memoria tangible<\/em> &nbsp;que reporta como a\u00f1o de inicio al a\u00f1o 2009. En orden cronol\u00f3gico hasta la vigencia 2020 seg\u00fan el \u00edndice est\u00e1n los siguientes resultados en el territorio:<\/p>\n\n\n\n<p><strong>2010:<\/strong> Fuentedeoro 50 a\u00f1os en el Bicentenario<\/p>\n\n\n\n<p><strong>2011:<\/strong> G\u00e9nesis del Encuentro de Memoria de Fuentedeoro<\/p>\n\n\n\n<p><strong>2012:<\/strong> II Encuentro de Memoria: tenemos que encontrar nuestras propias historias<\/p>\n\n\n\n<p><strong>2013:<\/strong> 3er Encuentro de la Memoria: Vertientes de Memoria y Libertad, en el Museo Arqueol\u00f3gico Guayupe<\/p>\n\n\n\n<p><strong>2014:<\/strong> IV Encuentro de la Memoria \u201c54 a\u00f1os de historia de historia y memoria de Fuentedeoro, Meta\u201d<\/p>\n\n\n\n<p><strong>2015:<\/strong> El seco llanero colono ariarense, plato ganador del Premio Nacional de Cocinas tradicionales en la categor\u00eda Innovaci\u00f3n del Ministerio de Cultura en el a\u00f1o 2015<\/p>\n\n\n\n<p><strong>2016: <\/strong>Reconocimiento a la Sopa de Bolas en el 6to Encuentro de la Memoria<\/p>\n\n\n\n<p><strong>2017:<\/strong> La Memoria hecha poema<\/p>\n\n\n\n<p><strong>2018:<\/strong> Octavo Encuentro de la Memoria La fuerza hecha im\u00e1genes, realizado el 28 de noviembre del mismo a\u00f1o<\/p>\n\n\n\n<p><strong>2019:<\/strong> De las carreras de caballos, Patrimonio vivo<\/p>\n\n\n\n<p><strong>2020:<\/strong> El Centro de Memoria en tiempos de pandemia<\/p>\n\n\n\n<p>A esta variada bit\u00e1cora le agrego la d\u00e9cimo primera edici\u00f3n correspondiente al 2021 que bajo el t\u00edtulo de \u201cCharlemos de llaneridad\u201d se llev\u00f3 a cabo en el arqueol\u00f3gico y platanero centro poblado de Puerto Santander el domingo 12 del \u00faltimo mes del a\u00f1o.<\/p>\n\n\n\n<p>Para estar yo un poco actualizado acerca del devenir del Centro de Memoria mi fuente primaria ha sido Jairo Parrado, quien por coincidencia es nieto de don Faustino Enciso sanmartinero cofundador de Fuentedeoro -cuyo nombre original fue San Antonio del Ariari- quien hace m\u00e1s de tres d\u00e9cadas me cont\u00f3 sucesos de los tiempos cuando \u00e9l lleg\u00f3 a colonizar ese selv\u00e1tico lugar de la margen izquierda del r\u00edo Ariari.<\/p>\n\n\n\n<div class=\"wp-block-image\"><figure class=\"aligncenter size-full\"><img loading=\"lazy\" decoding=\"async\" width=\"667\" height=\"597\" src=\"https:\/\/www.oscarpabon.com\/wp-content\/uploads\/2021\/12\/Fuentedeoro-sopa-bolas.png\" alt=\"bitacora\" class=\"wp-image-624\" srcset=\"https:\/\/www.oscarpabon.com\/wp-content\/uploads\/2021\/12\/Fuentedeoro-sopa-bolas.png 667w, https:\/\/www.oscarpabon.com\/wp-content\/uploads\/2021\/12\/Fuentedeoro-sopa-bolas-300x269.png 300w\" sizes=\"auto, (max-width: 667px) 100vw, 667px\" \/><figcaption>Do\u00f1a Nora Mar\u00eda Enciso por herencia materna desde 1948 es portadora de la receta de la Sopa de bolas. (Foto: Centro de Memoria eeri eeri de Fuentedeoro)<\/figcaption><\/figure><\/div>\n\n\n\n<p>Entre lo investigado por el colectivo de memoria llama mi atenci\u00f3n el tema gastron\u00f3mico, en particular el plato denominado <em>Sopa de bolas<\/em> cuya portadora hoy es la se\u00f1ora Nora Mar\u00eda Enciso quien hacia el a\u00f1o 1948 la aprendi\u00f3 de su mam\u00e1 Mar\u00eda de Jes\u00fas S\u00e1nchez.<\/p>\n\n\n\n<p>Ese alimento de campesina receta cuya materia prima es el pl\u00e1tano hart\u00f3n verde del cual se tuvo noticias en 2014, tras la distinci\u00f3n alcanzada dos a\u00f1os despu\u00e9s en la convocatoria del Ministerio de Cultura se convirti\u00f3 en reconocido bien patrimonial de la cultura fuentedeorense o fontodorense.<\/p>\n\n\n\n<p>A lo anterior se le a\u00f1ade que sirvi\u00f3 de inspiraci\u00f3n para que la profesora Gladys Espinosa Londo\u00f1o y un grupo de j\u00f3venes del semillero de la memoria compusieran un joropo en ritmo de cunavichero cuya letra narra la historia y la preparaci\u00f3n de la <em>Sopa de bolas<\/em>. En la grabaci\u00f3n que Jairo Parrado me comparti\u00f3 canta Brayan Andr\u00e9s \u00c1vila Valencia y con bandola lo interpreta Jhon Jairo Navarro Ram\u00edrez.<\/p>\n\n\n\n<p>El d\u00eda del Encuentro de Memoria # 11, segundo domingo decembrino, en el \u00e1rea urbana de Fuentedeoro conoc\u00ed a do\u00f1a Aleida Londo\u00f1o quien en la actualidad tambi\u00e9n es portadora y prepara la patrimonial <em>Sopa de bolas<\/em>.<\/p>\n\n\n\n<p>Pocos platos tradicionales de nuestros territorios han sido inspiraci\u00f3n para componerles alegres joropos, caso particular en esta agr\u00edcola municipalidad metense es la <em>Sopa de bolas<\/em>.<\/p>\n\n\n\n<p>Sin duda alguna por el trabajo y los importantes resultados culturales que hasta el momento reporta y aporta el Centro de Memoria eeri eeri de Fuentedeoro, Meta, lo hacen destacar en el contexto departamental y regional por tanto es digno de rodearlo y de apoyarlo.<\/p>\n\n\n\n<div class=\"wp-block-image\"><figure class=\"aligncenter size-large is-resized\"><img loading=\"lazy\" decoding=\"async\" src=\"https:\/\/www.oscarpabon.com\/wp-content\/uploads\/2021\/12\/Fuentedeoro-logo-memoria-1024x1024.jpg\" alt=\"\" class=\"wp-image-623\" width=\"512\" height=\"512\" srcset=\"https:\/\/www.oscarpabon.com\/wp-content\/uploads\/2021\/12\/Fuentedeoro-logo-memoria-1024x1024.jpg 1024w, https:\/\/www.oscarpabon.com\/wp-content\/uploads\/2021\/12\/Fuentedeoro-logo-memoria-300x300.jpg 300w, https:\/\/www.oscarpabon.com\/wp-content\/uploads\/2021\/12\/Fuentedeoro-logo-memoria-150x150.jpg 150w, https:\/\/www.oscarpabon.com\/wp-content\/uploads\/2021\/12\/Fuentedeoro-logo-memoria-768x768.jpg 768w, https:\/\/www.oscarpabon.com\/wp-content\/uploads\/2021\/12\/Fuentedeoro-logo-memoria.jpg 1280w\" sizes=\"auto, (max-width: 512px) 100vw, 512px\" \/><figcaption>Identidad corporativa del Centro de Memoria eeri eeri de Fuentedeoro, Meta<\/figcaption><\/figure><\/div>\n\n\n\n<p>Volviendo a la obra \u201cEl olvido est\u00e1 lleno de memoria\u201d de Mario Benedetti, en Fuentedeoro -gracias a la entidad no gubernamental aqu\u00ed comentada- hechos de su refundido pasado social y cultural en la \u00faltima d\u00e9cada han sido rescatados y divulgados.<\/p>\n\n\n\n<p>En los Encuentros cumplidos por la entidad que propende por el rescate y conservaci\u00f3n de la memoria hist\u00f3rica de su territorio ha recibido apoyos del Ministerio de Cultura, de la alcald\u00eda local y de Corporaci\u00f3n Camaxagua.<\/p>\n","protected":false},"excerpt":{"rendered":"<p>\u201cPocos platos tradicionales de nuestros territorios han sido inspiraci\u00f3n para componerles alegres joropos, caso particular es la Sopa de bolas de Fuentedeoro. Por el tema de este art\u00edculo y con el fin de darle contexto lo inicio diciendo que una&#8230;<\/p>\n","protected":false},"author":1,"featured_media":624,"comment_status":"open","ping_status":"open","sticky":false,"template":"","format":"standard","meta":{"_acf_changed":false,"footnotes":""},"categories":[4],"tags":[],"class_list":["post-621","post","type-post","status-publish","format-standard","has-post-thumbnail","hentry","category-historica_cultural"],"acf":[],"yoast_head":"<!-- This site is optimized with the Yoast SEO plugin v28.1 - https:\/\/yoast.com\/product\/yoast-seo-wordpress\/ -->\n<title>La sabrosa Sopa de bolas de Fuentedeoro tiene joropo con su historia<\/title>\n<meta name=\"description\" content=\"Por el tema de este art\u00edculo y con el fin de darle contexto lo inicio diciendo que una de las obras del literato uruguayo Mario Benedetti...\" \/>\n<meta name=\"robots\" content=\"index, follow, max-snippet:-1, max-image-preview:large, max-video-preview:-1\" \/>\n<link rel=\"canonical\" href=\"https:\/\/www.oscarpabon.com\/index.php\/2021\/12\/19\/la-sabrosa-sopa-de-bolas-de-fuentedeoro-tiene-joropo-con-su-historia\/\" \/>\n<meta property=\"og:locale\" content=\"es_ES\" \/>\n<meta property=\"og:type\" content=\"article\" \/>\n<meta property=\"og:title\" content=\"La sabrosa Sopa de bolas de Fuentedeoro tiene joropo con su historia\" \/>\n<meta property=\"og:description\" content=\"Por el tema de este art\u00edculo y con el fin de darle contexto lo inicio diciendo que una de las obras del literato uruguayo Mario Benedetti...\" \/>\n<meta property=\"og:url\" content=\"https:\/\/www.oscarpabon.com\/index.php\/2021\/12\/19\/la-sabrosa-sopa-de-bolas-de-fuentedeoro-tiene-joropo-con-su-historia\/\" \/>\n<meta property=\"og:site_name\" content=\"Oscar Pab\u00f3n | Comunicador Social y Ambiental\" \/>\n<meta property=\"article:publisher\" content=\"https:\/\/www.facebook.com\/oscaralfonso.pabonmonroy.1\" \/>\n<meta property=\"article:published_time\" content=\"2021-12-20T02:46:14+00:00\" \/>\n<meta property=\"article:modified_time\" content=\"2021-12-29T03:31:07+00:00\" \/>\n<meta property=\"og:image\" content=\"https:\/\/www.oscarpabon.com\/wp-content\/uploads\/2021\/12\/Fuentedeoro-sopa-bolas.png\" \/>\n\t<meta property=\"og:image:width\" content=\"667\" \/>\n\t<meta property=\"og:image:height\" content=\"597\" \/>\n\t<meta property=\"og:image:type\" content=\"image\/png\" \/>\n<meta name=\"author\" content=\"admin\" \/>\n<meta name=\"twitter:card\" content=\"summary_large_image\" \/>\n<meta name=\"twitter:label1\" content=\"Escrito por\" \/>\n\t<meta name=\"twitter:data1\" content=\"admin\" \/>\n\t<meta name=\"twitter:label2\" content=\"Tiempo de lectura\" \/>\n\t<meta name=\"twitter:data2\" content=\"5 minutos\" \/>\n<script type=\"application\/ld+json\" class=\"yoast-schema-graph\">{\"@context\":\"https:\\\/\\\/schema.org\",\"@graph\":[{\"@type\":\"Article\",\"@id\":\"https:\\\/\\\/www.oscarpabon.com\\\/index.php\\\/2021\\\/12\\\/19\\\/la-sabrosa-sopa-de-bolas-de-fuentedeoro-tiene-joropo-con-su-historia\\\/#article\",\"isPartOf\":{\"@id\":\"https:\\\/\\\/www.oscarpabon.com\\\/index.php\\\/2021\\\/12\\\/19\\\/la-sabrosa-sopa-de-bolas-de-fuentedeoro-tiene-joropo-con-su-historia\\\/\"},\"author\":{\"name\":\"admin\",\"@id\":\"https:\\\/\\\/www.oscarpabon.com\\\/#\\\/schema\\\/person\\\/e08a6cf87c5d689db2d61c650541b58a\"},\"headline\":\"La sabrosa Sopa de bolas de Fuentedeoro tiene joropo con su historia\",\"datePublished\":\"2021-12-20T02:46:14+00:00\",\"dateModified\":\"2021-12-29T03:31:07+00:00\",\"mainEntityOfPage\":{\"@id\":\"https:\\\/\\\/www.oscarpabon.com\\\/index.php\\\/2021\\\/12\\\/19\\\/la-sabrosa-sopa-de-bolas-de-fuentedeoro-tiene-joropo-con-su-historia\\\/\"},\"wordCount\":956,\"commentCount\":4,\"publisher\":{\"@id\":\"https:\\\/\\\/www.oscarpabon.com\\\/#organization\"},\"image\":{\"@id\":\"https:\\\/\\\/www.oscarpabon.com\\\/index.php\\\/2021\\\/12\\\/19\\\/la-sabrosa-sopa-de-bolas-de-fuentedeoro-tiene-joropo-con-su-historia\\\/#primaryimage\"},\"thumbnailUrl\":\"https:\\\/\\\/www.oscarpabon.com\\\/wp-content\\\/uploads\\\/2021\\\/12\\\/Fuentedeoro-sopa-bolas.png\",\"articleSection\":[\"Hist\u00f3rica y Cultural\"],\"inLanguage\":\"es-CO\",\"potentialAction\":[{\"@type\":\"CommentAction\",\"name\":\"Comment\",\"target\":[\"https:\\\/\\\/www.oscarpabon.com\\\/index.php\\\/2021\\\/12\\\/19\\\/la-sabrosa-sopa-de-bolas-de-fuentedeoro-tiene-joropo-con-su-historia\\\/#respond\"]}]},{\"@type\":\"WebPage\",\"@id\":\"https:\\\/\\\/www.oscarpabon.com\\\/index.php\\\/2021\\\/12\\\/19\\\/la-sabrosa-sopa-de-bolas-de-fuentedeoro-tiene-joropo-con-su-historia\\\/\",\"url\":\"https:\\\/\\\/www.oscarpabon.com\\\/index.php\\\/2021\\\/12\\\/19\\\/la-sabrosa-sopa-de-bolas-de-fuentedeoro-tiene-joropo-con-su-historia\\\/\",\"name\":\"La sabrosa Sopa de bolas de Fuentedeoro tiene joropo con su historia\",\"isPartOf\":{\"@id\":\"https:\\\/\\\/www.oscarpabon.com\\\/#website\"},\"primaryImageOfPage\":{\"@id\":\"https:\\\/\\\/www.oscarpabon.com\\\/index.php\\\/2021\\\/12\\\/19\\\/la-sabrosa-sopa-de-bolas-de-fuentedeoro-tiene-joropo-con-su-historia\\\/#primaryimage\"},\"image\":{\"@id\":\"https:\\\/\\\/www.oscarpabon.com\\\/index.php\\\/2021\\\/12\\\/19\\\/la-sabrosa-sopa-de-bolas-de-fuentedeoro-tiene-joropo-con-su-historia\\\/#primaryimage\"},\"thumbnailUrl\":\"https:\\\/\\\/www.oscarpabon.com\\\/wp-content\\\/uploads\\\/2021\\\/12\\\/Fuentedeoro-sopa-bolas.png\",\"datePublished\":\"2021-12-20T02:46:14+00:00\",\"dateModified\":\"2021-12-29T03:31:07+00:00\",\"description\":\"Por el tema de este art\u00edculo y con el fin de darle contexto lo inicio diciendo que una de las obras del literato uruguayo Mario Benedetti...\",\"breadcrumb\":{\"@id\":\"https:\\\/\\\/www.oscarpabon.com\\\/index.php\\\/2021\\\/12\\\/19\\\/la-sabrosa-sopa-de-bolas-de-fuentedeoro-tiene-joropo-con-su-historia\\\/#breadcrumb\"},\"inLanguage\":\"es-CO\",\"potentialAction\":[{\"@type\":\"ReadAction\",\"target\":[\"https:\\\/\\\/www.oscarpabon.com\\\/index.php\\\/2021\\\/12\\\/19\\\/la-sabrosa-sopa-de-bolas-de-fuentedeoro-tiene-joropo-con-su-historia\\\/\"]}]},{\"@type\":\"ImageObject\",\"inLanguage\":\"es-CO\",\"@id\":\"https:\\\/\\\/www.oscarpabon.com\\\/index.php\\\/2021\\\/12\\\/19\\\/la-sabrosa-sopa-de-bolas-de-fuentedeoro-tiene-joropo-con-su-historia\\\/#primaryimage\",\"url\":\"https:\\\/\\\/www.oscarpabon.com\\\/wp-content\\\/uploads\\\/2021\\\/12\\\/Fuentedeoro-sopa-bolas.png\",\"contentUrl\":\"https:\\\/\\\/www.oscarpabon.com\\\/wp-content\\\/uploads\\\/2021\\\/12\\\/Fuentedeoro-sopa-bolas.png\",\"width\":667,\"height\":597,\"caption\":\"bitacora\"},{\"@type\":\"BreadcrumbList\",\"@id\":\"https:\\\/\\\/www.oscarpabon.com\\\/index.php\\\/2021\\\/12\\\/19\\\/la-sabrosa-sopa-de-bolas-de-fuentedeoro-tiene-joropo-con-su-historia\\\/#breadcrumb\",\"itemListElement\":[{\"@type\":\"ListItem\",\"position\":1,\"name\":\"Home\",\"item\":\"https:\\\/\\\/www.oscarpabon.com\\\/\"},{\"@type\":\"ListItem\",\"position\":2,\"name\":\"La sabrosa Sopa de bolas de Fuentedeoro tiene joropo con su historia\"}]},{\"@type\":\"WebSite\",\"@id\":\"https:\\\/\\\/www.oscarpabon.com\\\/#website\",\"url\":\"https:\\\/\\\/www.oscarpabon.com\\\/\",\"name\":\"Oscar Pab\u00f3n | Comunicador Social y Ambiental\",\"description\":\"P\u00e1gina web oficial del comunicador social y ambiental Oscar Pab\u00f3n de la ciudad de Villavicencio.\",\"publisher\":{\"@id\":\"https:\\\/\\\/www.oscarpabon.com\\\/#organization\"},\"potentialAction\":[{\"@type\":\"SearchAction\",\"target\":{\"@type\":\"EntryPoint\",\"urlTemplate\":\"https:\\\/\\\/www.oscarpabon.com\\\/?s={search_term_string}\"},\"query-input\":{\"@type\":\"PropertyValueSpecification\",\"valueRequired\":true,\"valueName\":\"search_term_string\"}}],\"inLanguage\":\"es-CO\"},{\"@type\":\"Organization\",\"@id\":\"https:\\\/\\\/www.oscarpabon.com\\\/#organization\",\"name\":\"Oscar Pab\u00f3n\",\"url\":\"https:\\\/\\\/www.oscarpabon.com\\\/\",\"logo\":{\"@type\":\"ImageObject\",\"inLanguage\":\"es-CO\",\"@id\":\"https:\\\/\\\/www.oscarpabon.com\\\/#\\\/schema\\\/logo\\\/image\\\/\",\"url\":\"https:\\\/\\\/www.oscarpabon.com\\\/wp-content\\\/uploads\\\/2021\\\/06\\\/LogoOscarP.jpg\",\"contentUrl\":\"https:\\\/\\\/www.oscarpabon.com\\\/wp-content\\\/uploads\\\/2021\\\/06\\\/LogoOscarP.jpg\",\"width\":512,\"height\":512,\"caption\":\"Oscar Pab\u00f3n\"},\"image\":{\"@id\":\"https:\\\/\\\/www.oscarpabon.com\\\/#\\\/schema\\\/logo\\\/image\\\/\"},\"sameAs\":[\"https:\\\/\\\/www.facebook.com\\\/oscaralfonso.pabonmonroy.1\",\"https:\\\/\\\/www.instagram.com\\\/oscar_pabonmonroy\\\/?hl=es-la\"]},{\"@type\":\"Person\",\"@id\":\"https:\\\/\\\/www.oscarpabon.com\\\/#\\\/schema\\\/person\\\/e08a6cf87c5d689db2d61c650541b58a\",\"name\":\"admin\",\"image\":{\"@type\":\"ImageObject\",\"inLanguage\":\"es-CO\",\"@id\":\"https:\\\/\\\/secure.gravatar.com\\\/avatar\\\/eacb01c31dd696fe7956ce726e1ef152db76e7a5911d392ffed4587b2941f25c?s=96&d=wavatar&r=g\",\"url\":\"https:\\\/\\\/secure.gravatar.com\\\/avatar\\\/eacb01c31dd696fe7956ce726e1ef152db76e7a5911d392ffed4587b2941f25c?s=96&d=wavatar&r=g\",\"contentUrl\":\"https:\\\/\\\/secure.gravatar.com\\\/avatar\\\/eacb01c31dd696fe7956ce726e1ef152db76e7a5911d392ffed4587b2941f25c?s=96&d=wavatar&r=g\",\"caption\":\"admin\"},\"sameAs\":[\"http:\\\/\\\/localhost\\\/oscarPabon\"],\"url\":\"https:\\\/\\\/www.oscarpabon.com\\\/index.php\\\/author\\\/admin\\\/\"}]}<\/script>\n<!-- \/ Yoast SEO plugin. -->","yoast_head_json":{"title":"La sabrosa Sopa de bolas de Fuentedeoro tiene joropo con su historia","description":"Por el tema de este art\u00edculo y con el fin de darle contexto lo inicio diciendo que una de las obras del literato uruguayo Mario Benedetti...","robots":{"index":"index","follow":"follow","max-snippet":"max-snippet:-1","max-image-preview":"max-image-preview:large","max-video-preview":"max-video-preview:-1"},"canonical":"https:\/\/www.oscarpabon.com\/index.php\/2021\/12\/19\/la-sabrosa-sopa-de-bolas-de-fuentedeoro-tiene-joropo-con-su-historia\/","og_locale":"es_ES","og_type":"article","og_title":"La sabrosa Sopa de bolas de Fuentedeoro tiene joropo con su historia","og_description":"Por el tema de este art\u00edculo y con el fin de darle contexto lo inicio diciendo que una de las obras del literato uruguayo Mario Benedetti...","og_url":"https:\/\/www.oscarpabon.com\/index.php\/2021\/12\/19\/la-sabrosa-sopa-de-bolas-de-fuentedeoro-tiene-joropo-con-su-historia\/","og_site_name":"Oscar Pab\u00f3n | Comunicador Social y Ambiental","article_publisher":"https:\/\/www.facebook.com\/oscaralfonso.pabonmonroy.1","article_published_time":"2021-12-20T02:46:14+00:00","article_modified_time":"2021-12-29T03:31:07+00:00","og_image":[{"width":667,"height":597,"url":"https:\/\/www.oscarpabon.com\/wp-content\/uploads\/2021\/12\/Fuentedeoro-sopa-bolas.png","type":"image\/png"}],"author":"admin","twitter_card":"summary_large_image","twitter_misc":{"Escrito por":"admin","Tiempo de lectura":"5 minutos"},"schema":{"@context":"https:\/\/schema.org","@graph":[{"@type":"Article","@id":"https:\/\/www.oscarpabon.com\/index.php\/2021\/12\/19\/la-sabrosa-sopa-de-bolas-de-fuentedeoro-tiene-joropo-con-su-historia\/#article","isPartOf":{"@id":"https:\/\/www.oscarpabon.com\/index.php\/2021\/12\/19\/la-sabrosa-sopa-de-bolas-de-fuentedeoro-tiene-joropo-con-su-historia\/"},"author":{"name":"admin","@id":"https:\/\/www.oscarpabon.com\/#\/schema\/person\/e08a6cf87c5d689db2d61c650541b58a"},"headline":"La sabrosa Sopa de bolas de Fuentedeoro tiene joropo con su historia","datePublished":"2021-12-20T02:46:14+00:00","dateModified":"2021-12-29T03:31:07+00:00","mainEntityOfPage":{"@id":"https:\/\/www.oscarpabon.com\/index.php\/2021\/12\/19\/la-sabrosa-sopa-de-bolas-de-fuentedeoro-tiene-joropo-con-su-historia\/"},"wordCount":956,"commentCount":4,"publisher":{"@id":"https:\/\/www.oscarpabon.com\/#organization"},"image":{"@id":"https:\/\/www.oscarpabon.com\/index.php\/2021\/12\/19\/la-sabrosa-sopa-de-bolas-de-fuentedeoro-tiene-joropo-con-su-historia\/#primaryimage"},"thumbnailUrl":"https:\/\/www.oscarpabon.com\/wp-content\/uploads\/2021\/12\/Fuentedeoro-sopa-bolas.png","articleSection":["Hist\u00f3rica y Cultural"],"inLanguage":"es-CO","potentialAction":[{"@type":"CommentAction","name":"Comment","target":["https:\/\/www.oscarpabon.com\/index.php\/2021\/12\/19\/la-sabrosa-sopa-de-bolas-de-fuentedeoro-tiene-joropo-con-su-historia\/#respond"]}]},{"@type":"WebPage","@id":"https:\/\/www.oscarpabon.com\/index.php\/2021\/12\/19\/la-sabrosa-sopa-de-bolas-de-fuentedeoro-tiene-joropo-con-su-historia\/","url":"https:\/\/www.oscarpabon.com\/index.php\/2021\/12\/19\/la-sabrosa-sopa-de-bolas-de-fuentedeoro-tiene-joropo-con-su-historia\/","name":"La sabrosa Sopa de bolas de Fuentedeoro tiene joropo con su historia","isPartOf":{"@id":"https:\/\/www.oscarpabon.com\/#website"},"primaryImageOfPage":{"@id":"https:\/\/www.oscarpabon.com\/index.php\/2021\/12\/19\/la-sabrosa-sopa-de-bolas-de-fuentedeoro-tiene-joropo-con-su-historia\/#primaryimage"},"image":{"@id":"https:\/\/www.oscarpabon.com\/index.php\/2021\/12\/19\/la-sabrosa-sopa-de-bolas-de-fuentedeoro-tiene-joropo-con-su-historia\/#primaryimage"},"thumbnailUrl":"https:\/\/www.oscarpabon.com\/wp-content\/uploads\/2021\/12\/Fuentedeoro-sopa-bolas.png","datePublished":"2021-12-20T02:46:14+00:00","dateModified":"2021-12-29T03:31:07+00:00","description":"Por el tema de este art\u00edculo y con el fin de darle contexto lo inicio diciendo que una de las obras del literato uruguayo Mario Benedetti...","breadcrumb":{"@id":"https:\/\/www.oscarpabon.com\/index.php\/2021\/12\/19\/la-sabrosa-sopa-de-bolas-de-fuentedeoro-tiene-joropo-con-su-historia\/#breadcrumb"},"inLanguage":"es-CO","potentialAction":[{"@type":"ReadAction","target":["https:\/\/www.oscarpabon.com\/index.php\/2021\/12\/19\/la-sabrosa-sopa-de-bolas-de-fuentedeoro-tiene-joropo-con-su-historia\/"]}]},{"@type":"ImageObject","inLanguage":"es-CO","@id":"https:\/\/www.oscarpabon.com\/index.php\/2021\/12\/19\/la-sabrosa-sopa-de-bolas-de-fuentedeoro-tiene-joropo-con-su-historia\/#primaryimage","url":"https:\/\/www.oscarpabon.com\/wp-content\/uploads\/2021\/12\/Fuentedeoro-sopa-bolas.png","contentUrl":"https:\/\/www.oscarpabon.com\/wp-content\/uploads\/2021\/12\/Fuentedeoro-sopa-bolas.png","width":667,"height":597,"caption":"bitacora"},{"@type":"BreadcrumbList","@id":"https:\/\/www.oscarpabon.com\/index.php\/2021\/12\/19\/la-sabrosa-sopa-de-bolas-de-fuentedeoro-tiene-joropo-con-su-historia\/#breadcrumb","itemListElement":[{"@type":"ListItem","position":1,"name":"Home","item":"https:\/\/www.oscarpabon.com\/"},{"@type":"ListItem","position":2,"name":"La sabrosa Sopa de bolas de Fuentedeoro tiene joropo con su historia"}]},{"@type":"WebSite","@id":"https:\/\/www.oscarpabon.com\/#website","url":"https:\/\/www.oscarpabon.com\/","name":"Oscar Pab\u00f3n | Comunicador Social y Ambiental","description":"P\u00e1gina web oficial del comunicador social y ambiental Oscar Pab\u00f3n de la ciudad de Villavicencio.","publisher":{"@id":"https:\/\/www.oscarpabon.com\/#organization"},"potentialAction":[{"@type":"SearchAction","target":{"@type":"EntryPoint","urlTemplate":"https:\/\/www.oscarpabon.com\/?s={search_term_string}"},"query-input":{"@type":"PropertyValueSpecification","valueRequired":true,"valueName":"search_term_string"}}],"inLanguage":"es-CO"},{"@type":"Organization","@id":"https:\/\/www.oscarpabon.com\/#organization","name":"Oscar Pab\u00f3n","url":"https:\/\/www.oscarpabon.com\/","logo":{"@type":"ImageObject","inLanguage":"es-CO","@id":"https:\/\/www.oscarpabon.com\/#\/schema\/logo\/image\/","url":"https:\/\/www.oscarpabon.com\/wp-content\/uploads\/2021\/06\/LogoOscarP.jpg","contentUrl":"https:\/\/www.oscarpabon.com\/wp-content\/uploads\/2021\/06\/LogoOscarP.jpg","width":512,"height":512,"caption":"Oscar Pab\u00f3n"},"image":{"@id":"https:\/\/www.oscarpabon.com\/#\/schema\/logo\/image\/"},"sameAs":["https:\/\/www.facebook.com\/oscaralfonso.pabonmonroy.1","https:\/\/www.instagram.com\/oscar_pabonmonroy\/?hl=es-la"]},{"@type":"Person","@id":"https:\/\/www.oscarpabon.com\/#\/schema\/person\/e08a6cf87c5d689db2d61c650541b58a","name":"admin","image":{"@type":"ImageObject","inLanguage":"es-CO","@id":"https:\/\/secure.gravatar.com\/avatar\/eacb01c31dd696fe7956ce726e1ef152db76e7a5911d392ffed4587b2941f25c?s=96&d=wavatar&r=g","url":"https:\/\/secure.gravatar.com\/avatar\/eacb01c31dd696fe7956ce726e1ef152db76e7a5911d392ffed4587b2941f25c?s=96&d=wavatar&r=g","contentUrl":"https:\/\/secure.gravatar.com\/avatar\/eacb01c31dd696fe7956ce726e1ef152db76e7a5911d392ffed4587b2941f25c?s=96&d=wavatar&r=g","caption":"admin"},"sameAs":["http:\/\/localhost\/oscarPabon"],"url":"https:\/\/www.oscarpabon.com\/index.php\/author\/admin\/"}]}},"_links":{"self":[{"href":"https:\/\/www.oscarpabon.com\/index.php\/wp-json\/wp\/v2\/posts\/621","targetHints":{"allow":["GET"]}}],"collection":[{"href":"https:\/\/www.oscarpabon.com\/index.php\/wp-json\/wp\/v2\/posts"}],"about":[{"href":"https:\/\/www.oscarpabon.com\/index.php\/wp-json\/wp\/v2\/types\/post"}],"author":[{"embeddable":true,"href":"https:\/\/www.oscarpabon.com\/index.php\/wp-json\/wp\/v2\/users\/1"}],"replies":[{"embeddable":true,"href":"https:\/\/www.oscarpabon.com\/index.php\/wp-json\/wp\/v2\/comments?post=621"}],"version-history":[{"count":5,"href":"https:\/\/www.oscarpabon.com\/index.php\/wp-json\/wp\/v2\/posts\/621\/revisions"}],"predecessor-version":[{"id":629,"href":"https:\/\/www.oscarpabon.com\/index.php\/wp-json\/wp\/v2\/posts\/621\/revisions\/629"}],"wp:featuredmedia":[{"embeddable":true,"href":"https:\/\/www.oscarpabon.com\/index.php\/wp-json\/wp\/v2\/media\/624"}],"wp:attachment":[{"href":"https:\/\/www.oscarpabon.com\/index.php\/wp-json\/wp\/v2\/media?parent=621"}],"wp:term":[{"taxonomy":"category","embeddable":true,"href":"https:\/\/www.oscarpabon.com\/index.php\/wp-json\/wp\/v2\/categories?post=621"},{"taxonomy":"post_tag","embeddable":true,"href":"https:\/\/www.oscarpabon.com\/index.php\/wp-json\/wp\/v2\/tags?post=621"}],"curies":[{"name":"wp","href":"https:\/\/api.w.org\/{rel}","templated":true}]}}