{"id":1093,"date":"2023-07-20T15:33:25","date_gmt":"2023-07-20T20:33:25","guid":{"rendered":"https:\/\/www.oscarpabon.com\/?p=1093"},"modified":"2023-07-26T12:28:58","modified_gmt":"2023-07-26T17:28:58","slug":"cabuyaro-san-pedro-de-arimena-y-quiza-los-dos-primeros-martires-de-la-independencia","status":"publish","type":"post","link":"https:\/\/www.oscarpabon.com\/index.php\/2023\/07\/20\/cabuyaro-san-pedro-de-arimena-y-quiza-los-dos-primeros-martires-de-la-independencia\/","title":{"rendered":"Cabuyaro, San Pedro de Arimena y quiz\u00e1 los dos primeros m\u00e1rtires de la Independencia"},"content":{"rendered":"\n<p class=\"has-text-align-center\"><em>\u201cPero cuando marchaban hacia ese destino cayeron presos y los militares del virreinato los llevaron a San Jos\u00e9 de Pore en donde los juzgaron y les decretaron muerte por: delito de bullicio y conmoci\u00f3n\u201d.<\/em><\/p>\n\n\n<div class=\"wp-block-image\">\n<figure class=\"aligncenter\"><img decoding=\"async\" src=\"https:\/\/lh3.googleusercontent.com\/Qg3N0e-Xg_yzZ3ZOF0vk7mAG4Wc_e_ABJFifyjPbar3m07nYqlyoryGfP73dVmg8XUJLvQm_GimH8f15HdvTZijalVurCzOkcr4mxK1kyO_qo5pFYV2JAiR3NnbXLarjj6YbOEGc8ztESx5A8k0S-Q\" alt=\"G:\\Cabuyaro puerto.jpg\"\/><figcaption class=\"wp-element-caption\"><em>Con la mira en olvidados episodios de los tiempos de emancipaci\u00f3n como los acaecidos en los puertos de Cabuyaro y San Pedro de Arimena, los dos sobre el r\u00edo Meta (Foto: \u00d3scar A. Pab\u00f3n M.).<\/em><\/figcaption><\/figure><\/div>\n\n\n<p>El 20 de julio de 2023 se cumplen doscientos trece a\u00f1os del Grito de Independencia dado en la plaza mayor de Santaf\u00e9 de Bogot\u00e1, hecho que dio origen a la declaratoria de fiesta patria nacional.<\/p>\n\n\n\n<p>Pero a comienzos de ese a\u00f1o, 1810, desde zona andina ingresaron a la provincia casanare\u00f1a dos envalentonados j\u00f3venes con anhelos de contagiar a gentes de los territorios por donde pasaran para sublevarse contra el gobierno espa\u00f1ol.<\/p>\n\n\n\n<p>Se llamaron Vicente Cadena y Jos\u00e9 Mar\u00eda Rosillo, quienes como muchos de su generaci\u00f3n se inspiraban en el <em>\u201cmovimiento comunero\u201d<\/em> que se hab\u00eda dado en los finales de mil setecientos teniendo como destacadas figuras a Manuela Beltr\u00e1n quien rompi\u00f3 el edito con los nuevos impuestos y a Jos\u00e9 Antonio Gal\u00e1n cuya frase inspiradora fue <em>\u201cla tierra es para quien la trabaja\u201d<\/em>.<\/p>\n\n\n\n<p>En su recorrido para buscar adeptos a su plan revolucionario por caminos reales llegaron a Cabuyaro, puerto de la provincia de San Mart\u00edn sobre la margen izquierda del r\u00edo Meta. Desde all\u00ed se embarcaron aguas abajo rumbo a San Pedro de Arimena tambi\u00e9n jurisdicci\u00f3n de San Mart\u00edn, queda en la costa derecha del r\u00edo que con su nombre d\u00e9cadas despu\u00e9s le dieron nombre al departamento.<\/p>\n\n\n\n<p>De all\u00ed navegaron hasta Orocu\u00e9 importante puerto internacional que se localiza en la orilla izquierda del emblem\u00e1tico afluente del Orinoco.&nbsp;<\/p>\n\n\n\n<p>Con su grupo de guerrillas Cadena y Rosillo lograron golpes positivos contra los militares espa\u00f1oles que en su rumbo encontraron.&nbsp;<\/p>\n\n\n\n<p>Esa motivaci\u00f3n los convid\u00f3 para ir a tomarse a San Jos\u00e9 de Pore, principal ciudad de toda la provincia de Casanare.<\/p>\n\n\n\n<p>Pero cuando marchaban hacia ese destino cayeron presos y los militares del virreinato los llevaron a San Jos\u00e9 de Pore en donde los juzgaron y les decretaron muerte por <em>\u201cdelito de bullicio y conmoci\u00f3n\u201d<\/em>.&nbsp;<\/p>\n\n\n<div class=\"wp-block-image\">\n<figure class=\"aligncenter size-full\"><img loading=\"lazy\" decoding=\"async\" width=\"567\" height=\"382\" src=\"https:\/\/www.oscarpabon.com\/wp-content\/uploads\/2023\/07\/Capturanoticia.png\" alt=\"\" class=\"wp-image-1094\" srcset=\"https:\/\/www.oscarpabon.com\/wp-content\/uploads\/2023\/07\/Capturanoticia.png 567w, https:\/\/www.oscarpabon.com\/wp-content\/uploads\/2023\/07\/Capturanoticia-300x202.png 300w\" sizes=\"auto, (max-width: 567px) 100vw, 567px\" \/><figcaption class=\"wp-element-caption\"><em>Mi principal apoyo bibliogr\u00e1fico para esta narrativa fue la obra \u201cPore 15 de febrero de 1810\u201d, autor\u00eda de Arcadio Ben\u00edtez Ortiz investigador casanare\u00f1o. De dicho libro tambi\u00e9n tom\u00e9 los dibujos de los pr\u00f3ceres Cadena y Rosillo aqu\u00ed publicados.\u00a0<\/em><\/figcaption><\/figure><\/div>\n\n\n<p>As\u00ed, el 22 de abril de 1810 en la plaza de esa ciudad los insurrectos Vicente Cadena y Jos\u00e9 Mar\u00eda Rosillo fueron fusilados. Con fines de escarnio p\u00fablico les cortaron sus cabezas y las remitieron a Santaf\u00e9 capital de la Nueva Granada en donde semanas despu\u00e9s en la plaza mayor fueron expuestas.<\/p>\n\n\n\n<p>Los dos envalentonados l\u00edderes se convirtieron quiz\u00e1 en los primeros m\u00e1rtires de la causa emancipadora ca\u00eddos en los llanos colombianos. A ellos la historia patria local y nacional no los recuerda.<\/p>\n\n\n\n<p>Esta breve cr\u00f3nica sobre hechos refundidos en los tiempos de la sublevaci\u00f3n criolla nos cuenta que antes del 20 de julio de 1810 los pueblos de Cabuyaro y San Pedro de Arimena en la entonces Provincia de San Mart\u00edn, hoy territorios metenses, por sus estrat\u00e9gicas ubicaciones sobre el r\u00edo Meta sirvieron como rutas y escenarios para reclutar a lugare\u00f1os con fines de emancipaci\u00f3n meses antes del santafere\u00f1o Grito de Independencia.<\/p>\n","protected":false},"excerpt":{"rendered":"<p>\u201cPero cuando marchaban hacia ese destino cayeron presos y los militares del virreinato los llevaron a San Jos\u00e9 de Pore en donde los juzgaron y les decretaron muerte por: delito de bullicio y conmoci\u00f3n\u201d. El 20 de julio de 2023&#8230;<\/p>\n","protected":false},"author":1,"featured_media":1095,"comment_status":"open","ping_status":"open","sticky":false,"template":"","format":"standard","meta":{"_acf_changed":false,"footnotes":""},"categories":[4],"tags":[],"class_list":["post-1093","post","type-post","status-publish","format-standard","has-post-thumbnail","hentry","category-historica_cultural"],"acf":[],"yoast_head":"<!-- This site is optimized with the Yoast SEO plugin v28.1 - https:\/\/yoast.com\/product\/yoast-seo-wordpress\/ -->\n<title>Cabuyaro, San Pedro de Arimena y quiz\u00e1 los dos primeros m\u00e1rtires de la Independencia<\/title>\n<meta name=\"description\" content=\"El 20 de julio de 2023 se cumplen doscientos trece a\u00f1os del Grito de Independencia dado en la plaza mayor de Santaf\u00e9 de Bogot\u00e1, hecho que...\" \/>\n<meta name=\"robots\" content=\"index, follow, max-snippet:-1, max-image-preview:large, max-video-preview:-1\" \/>\n<link rel=\"canonical\" href=\"https:\/\/www.oscarpabon.com\/index.php\/2023\/07\/20\/cabuyaro-san-pedro-de-arimena-y-quiza-los-dos-primeros-martires-de-la-independencia\/\" \/>\n<meta property=\"og:locale\" content=\"es_ES\" \/>\n<meta property=\"og:type\" content=\"article\" \/>\n<meta property=\"og:title\" content=\"Cabuyaro, San Pedro de Arimena y quiz\u00e1 los dos primeros m\u00e1rtires de la Independencia\" \/>\n<meta property=\"og:description\" content=\"El 20 de julio de 2023 se cumplen doscientos trece a\u00f1os del Grito de Independencia dado en la plaza mayor de Santaf\u00e9 de Bogot\u00e1, hecho que...\" \/>\n<meta property=\"og:url\" content=\"https:\/\/www.oscarpabon.com\/index.php\/2023\/07\/20\/cabuyaro-san-pedro-de-arimena-y-quiza-los-dos-primeros-martires-de-la-independencia\/\" \/>\n<meta property=\"og:site_name\" content=\"Oscar Pab\u00f3n | Comunicador Social y Ambiental\" \/>\n<meta property=\"article:publisher\" content=\"https:\/\/www.facebook.com\/oscaralfonso.pabonmonroy.1\" \/>\n<meta property=\"article:published_time\" content=\"2023-07-20T20:33:25+00:00\" \/>\n<meta property=\"article:modified_time\" content=\"2023-07-26T17:28:58+00:00\" \/>\n<meta property=\"og:image\" content=\"https:\/\/www.oscarpabon.com\/wp-content\/uploads\/2023\/07\/portadaIndependencia.png\" \/>\n\t<meta property=\"og:image:width\" content=\"589\" \/>\n\t<meta property=\"og:image:height\" content=\"388\" \/>\n\t<meta property=\"og:image:type\" content=\"image\/png\" \/>\n<meta name=\"author\" content=\"admin\" \/>\n<meta name=\"twitter:card\" content=\"summary_large_image\" \/>\n<meta name=\"twitter:label1\" content=\"Escrito por\" \/>\n\t<meta name=\"twitter:data1\" content=\"admin\" \/>\n\t<meta name=\"twitter:label2\" content=\"Tiempo de lectura\" \/>\n\t<meta name=\"twitter:data2\" content=\"3 minutos\" \/>\n<script type=\"application\/ld+json\" class=\"yoast-schema-graph\">{\"@context\":\"https:\\\/\\\/schema.org\",\"@graph\":[{\"@type\":\"Article\",\"@id\":\"https:\\\/\\\/www.oscarpabon.com\\\/index.php\\\/2023\\\/07\\\/20\\\/cabuyaro-san-pedro-de-arimena-y-quiza-los-dos-primeros-martires-de-la-independencia\\\/#article\",\"isPartOf\":{\"@id\":\"https:\\\/\\\/www.oscarpabon.com\\\/index.php\\\/2023\\\/07\\\/20\\\/cabuyaro-san-pedro-de-arimena-y-quiza-los-dos-primeros-martires-de-la-independencia\\\/\"},\"author\":{\"name\":\"admin\",\"@id\":\"https:\\\/\\\/www.oscarpabon.com\\\/#\\\/schema\\\/person\\\/e08a6cf87c5d689db2d61c650541b58a\"},\"headline\":\"Cabuyaro, San Pedro de Arimena y quiz\u00e1 los dos primeros m\u00e1rtires de la Independencia\",\"datePublished\":\"2023-07-20T20:33:25+00:00\",\"dateModified\":\"2023-07-26T17:28:58+00:00\",\"mainEntityOfPage\":{\"@id\":\"https:\\\/\\\/www.oscarpabon.com\\\/index.php\\\/2023\\\/07\\\/20\\\/cabuyaro-san-pedro-de-arimena-y-quiza-los-dos-primeros-martires-de-la-independencia\\\/\"},\"wordCount\":607,\"commentCount\":9,\"publisher\":{\"@id\":\"https:\\\/\\\/www.oscarpabon.com\\\/#organization\"},\"image\":{\"@id\":\"https:\\\/\\\/www.oscarpabon.com\\\/index.php\\\/2023\\\/07\\\/20\\\/cabuyaro-san-pedro-de-arimena-y-quiza-los-dos-primeros-martires-de-la-independencia\\\/#primaryimage\"},\"thumbnailUrl\":\"https:\\\/\\\/www.oscarpabon.com\\\/wp-content\\\/uploads\\\/2023\\\/07\\\/portadaIndependencia.png\",\"articleSection\":[\"Hist\u00f3rica y Cultural\"],\"inLanguage\":\"es-CO\",\"potentialAction\":[{\"@type\":\"CommentAction\",\"name\":\"Comment\",\"target\":[\"https:\\\/\\\/www.oscarpabon.com\\\/index.php\\\/2023\\\/07\\\/20\\\/cabuyaro-san-pedro-de-arimena-y-quiza-los-dos-primeros-martires-de-la-independencia\\\/#respond\"]}]},{\"@type\":\"WebPage\",\"@id\":\"https:\\\/\\\/www.oscarpabon.com\\\/index.php\\\/2023\\\/07\\\/20\\\/cabuyaro-san-pedro-de-arimena-y-quiza-los-dos-primeros-martires-de-la-independencia\\\/\",\"url\":\"https:\\\/\\\/www.oscarpabon.com\\\/index.php\\\/2023\\\/07\\\/20\\\/cabuyaro-san-pedro-de-arimena-y-quiza-los-dos-primeros-martires-de-la-independencia\\\/\",\"name\":\"Cabuyaro, San Pedro de Arimena y quiz\u00e1 los dos primeros m\u00e1rtires de la Independencia\",\"isPartOf\":{\"@id\":\"https:\\\/\\\/www.oscarpabon.com\\\/#website\"},\"primaryImageOfPage\":{\"@id\":\"https:\\\/\\\/www.oscarpabon.com\\\/index.php\\\/2023\\\/07\\\/20\\\/cabuyaro-san-pedro-de-arimena-y-quiza-los-dos-primeros-martires-de-la-independencia\\\/#primaryimage\"},\"image\":{\"@id\":\"https:\\\/\\\/www.oscarpabon.com\\\/index.php\\\/2023\\\/07\\\/20\\\/cabuyaro-san-pedro-de-arimena-y-quiza-los-dos-primeros-martires-de-la-independencia\\\/#primaryimage\"},\"thumbnailUrl\":\"https:\\\/\\\/www.oscarpabon.com\\\/wp-content\\\/uploads\\\/2023\\\/07\\\/portadaIndependencia.png\",\"datePublished\":\"2023-07-20T20:33:25+00:00\",\"dateModified\":\"2023-07-26T17:28:58+00:00\",\"description\":\"El 20 de julio de 2023 se cumplen doscientos trece a\u00f1os del Grito de Independencia dado en la plaza mayor de Santaf\u00e9 de Bogot\u00e1, hecho que...\",\"breadcrumb\":{\"@id\":\"https:\\\/\\\/www.oscarpabon.com\\\/index.php\\\/2023\\\/07\\\/20\\\/cabuyaro-san-pedro-de-arimena-y-quiza-los-dos-primeros-martires-de-la-independencia\\\/#breadcrumb\"},\"inLanguage\":\"es-CO\",\"potentialAction\":[{\"@type\":\"ReadAction\",\"target\":[\"https:\\\/\\\/www.oscarpabon.com\\\/index.php\\\/2023\\\/07\\\/20\\\/cabuyaro-san-pedro-de-arimena-y-quiza-los-dos-primeros-martires-de-la-independencia\\\/\"]}]},{\"@type\":\"ImageObject\",\"inLanguage\":\"es-CO\",\"@id\":\"https:\\\/\\\/www.oscarpabon.com\\\/index.php\\\/2023\\\/07\\\/20\\\/cabuyaro-san-pedro-de-arimena-y-quiza-los-dos-primeros-martires-de-la-independencia\\\/#primaryimage\",\"url\":\"https:\\\/\\\/www.oscarpabon.com\\\/wp-content\\\/uploads\\\/2023\\\/07\\\/portadaIndependencia.png\",\"contentUrl\":\"https:\\\/\\\/www.oscarpabon.com\\\/wp-content\\\/uploads\\\/2023\\\/07\\\/portadaIndependencia.png\",\"width\":589,\"height\":388,\"caption\":\"Independencia\"},{\"@type\":\"BreadcrumbList\",\"@id\":\"https:\\\/\\\/www.oscarpabon.com\\\/index.php\\\/2023\\\/07\\\/20\\\/cabuyaro-san-pedro-de-arimena-y-quiza-los-dos-primeros-martires-de-la-independencia\\\/#breadcrumb\",\"itemListElement\":[{\"@type\":\"ListItem\",\"position\":1,\"name\":\"Home\",\"item\":\"https:\\\/\\\/www.oscarpabon.com\\\/\"},{\"@type\":\"ListItem\",\"position\":2,\"name\":\"Cabuyaro, San Pedro de Arimena y quiz\u00e1 los dos primeros m\u00e1rtires de la Independencia\"}]},{\"@type\":\"WebSite\",\"@id\":\"https:\\\/\\\/www.oscarpabon.com\\\/#website\",\"url\":\"https:\\\/\\\/www.oscarpabon.com\\\/\",\"name\":\"Oscar Pab\u00f3n | Comunicador Social y Ambiental\",\"description\":\"P\u00e1gina web oficial del comunicador social y ambiental Oscar Pab\u00f3n de la ciudad de Villavicencio.\",\"publisher\":{\"@id\":\"https:\\\/\\\/www.oscarpabon.com\\\/#organization\"},\"potentialAction\":[{\"@type\":\"SearchAction\",\"target\":{\"@type\":\"EntryPoint\",\"urlTemplate\":\"https:\\\/\\\/www.oscarpabon.com\\\/?s={search_term_string}\"},\"query-input\":{\"@type\":\"PropertyValueSpecification\",\"valueRequired\":true,\"valueName\":\"search_term_string\"}}],\"inLanguage\":\"es-CO\"},{\"@type\":\"Organization\",\"@id\":\"https:\\\/\\\/www.oscarpabon.com\\\/#organization\",\"name\":\"Oscar Pab\u00f3n\",\"url\":\"https:\\\/\\\/www.oscarpabon.com\\\/\",\"logo\":{\"@type\":\"ImageObject\",\"inLanguage\":\"es-CO\",\"@id\":\"https:\\\/\\\/www.oscarpabon.com\\\/#\\\/schema\\\/logo\\\/image\\\/\",\"url\":\"https:\\\/\\\/www.oscarpabon.com\\\/wp-content\\\/uploads\\\/2021\\\/06\\\/LogoOscarP.jpg\",\"contentUrl\":\"https:\\\/\\\/www.oscarpabon.com\\\/wp-content\\\/uploads\\\/2021\\\/06\\\/LogoOscarP.jpg\",\"width\":512,\"height\":512,\"caption\":\"Oscar Pab\u00f3n\"},\"image\":{\"@id\":\"https:\\\/\\\/www.oscarpabon.com\\\/#\\\/schema\\\/logo\\\/image\\\/\"},\"sameAs\":[\"https:\\\/\\\/www.facebook.com\\\/oscaralfonso.pabonmonroy.1\",\"https:\\\/\\\/www.instagram.com\\\/oscar_pabonmonroy\\\/?hl=es-la\"]},{\"@type\":\"Person\",\"@id\":\"https:\\\/\\\/www.oscarpabon.com\\\/#\\\/schema\\\/person\\\/e08a6cf87c5d689db2d61c650541b58a\",\"name\":\"admin\",\"image\":{\"@type\":\"ImageObject\",\"inLanguage\":\"es-CO\",\"@id\":\"https:\\\/\\\/secure.gravatar.com\\\/avatar\\\/eacb01c31dd696fe7956ce726e1ef152db76e7a5911d392ffed4587b2941f25c?s=96&d=wavatar&r=g\",\"url\":\"https:\\\/\\\/secure.gravatar.com\\\/avatar\\\/eacb01c31dd696fe7956ce726e1ef152db76e7a5911d392ffed4587b2941f25c?s=96&d=wavatar&r=g\",\"contentUrl\":\"https:\\\/\\\/secure.gravatar.com\\\/avatar\\\/eacb01c31dd696fe7956ce726e1ef152db76e7a5911d392ffed4587b2941f25c?s=96&d=wavatar&r=g\",\"caption\":\"admin\"},\"sameAs\":[\"http:\\\/\\\/localhost\\\/oscarPabon\"],\"url\":\"https:\\\/\\\/www.oscarpabon.com\\\/index.php\\\/author\\\/admin\\\/\"}]}<\/script>\n<!-- \/ Yoast SEO plugin. -->","yoast_head_json":{"title":"Cabuyaro, San Pedro de Arimena y quiz\u00e1 los dos primeros m\u00e1rtires de la Independencia","description":"El 20 de julio de 2023 se cumplen doscientos trece a\u00f1os del Grito de Independencia dado en la plaza mayor de Santaf\u00e9 de Bogot\u00e1, hecho que...","robots":{"index":"index","follow":"follow","max-snippet":"max-snippet:-1","max-image-preview":"max-image-preview:large","max-video-preview":"max-video-preview:-1"},"canonical":"https:\/\/www.oscarpabon.com\/index.php\/2023\/07\/20\/cabuyaro-san-pedro-de-arimena-y-quiza-los-dos-primeros-martires-de-la-independencia\/","og_locale":"es_ES","og_type":"article","og_title":"Cabuyaro, San Pedro de Arimena y quiz\u00e1 los dos primeros m\u00e1rtires de la Independencia","og_description":"El 20 de julio de 2023 se cumplen doscientos trece a\u00f1os del Grito de Independencia dado en la plaza mayor de Santaf\u00e9 de Bogot\u00e1, hecho que...","og_url":"https:\/\/www.oscarpabon.com\/index.php\/2023\/07\/20\/cabuyaro-san-pedro-de-arimena-y-quiza-los-dos-primeros-martires-de-la-independencia\/","og_site_name":"Oscar Pab\u00f3n | Comunicador Social y Ambiental","article_publisher":"https:\/\/www.facebook.com\/oscaralfonso.pabonmonroy.1","article_published_time":"2023-07-20T20:33:25+00:00","article_modified_time":"2023-07-26T17:28:58+00:00","og_image":[{"width":589,"height":388,"url":"https:\/\/www.oscarpabon.com\/wp-content\/uploads\/2023\/07\/portadaIndependencia.png","type":"image\/png"}],"author":"admin","twitter_card":"summary_large_image","twitter_misc":{"Escrito por":"admin","Tiempo de lectura":"3 minutos"},"schema":{"@context":"https:\/\/schema.org","@graph":[{"@type":"Article","@id":"https:\/\/www.oscarpabon.com\/index.php\/2023\/07\/20\/cabuyaro-san-pedro-de-arimena-y-quiza-los-dos-primeros-martires-de-la-independencia\/#article","isPartOf":{"@id":"https:\/\/www.oscarpabon.com\/index.php\/2023\/07\/20\/cabuyaro-san-pedro-de-arimena-y-quiza-los-dos-primeros-martires-de-la-independencia\/"},"author":{"name":"admin","@id":"https:\/\/www.oscarpabon.com\/#\/schema\/person\/e08a6cf87c5d689db2d61c650541b58a"},"headline":"Cabuyaro, San Pedro de Arimena y quiz\u00e1 los dos primeros m\u00e1rtires de la Independencia","datePublished":"2023-07-20T20:33:25+00:00","dateModified":"2023-07-26T17:28:58+00:00","mainEntityOfPage":{"@id":"https:\/\/www.oscarpabon.com\/index.php\/2023\/07\/20\/cabuyaro-san-pedro-de-arimena-y-quiza-los-dos-primeros-martires-de-la-independencia\/"},"wordCount":607,"commentCount":9,"publisher":{"@id":"https:\/\/www.oscarpabon.com\/#organization"},"image":{"@id":"https:\/\/www.oscarpabon.com\/index.php\/2023\/07\/20\/cabuyaro-san-pedro-de-arimena-y-quiza-los-dos-primeros-martires-de-la-independencia\/#primaryimage"},"thumbnailUrl":"https:\/\/www.oscarpabon.com\/wp-content\/uploads\/2023\/07\/portadaIndependencia.png","articleSection":["Hist\u00f3rica y Cultural"],"inLanguage":"es-CO","potentialAction":[{"@type":"CommentAction","name":"Comment","target":["https:\/\/www.oscarpabon.com\/index.php\/2023\/07\/20\/cabuyaro-san-pedro-de-arimena-y-quiza-los-dos-primeros-martires-de-la-independencia\/#respond"]}]},{"@type":"WebPage","@id":"https:\/\/www.oscarpabon.com\/index.php\/2023\/07\/20\/cabuyaro-san-pedro-de-arimena-y-quiza-los-dos-primeros-martires-de-la-independencia\/","url":"https:\/\/www.oscarpabon.com\/index.php\/2023\/07\/20\/cabuyaro-san-pedro-de-arimena-y-quiza-los-dos-primeros-martires-de-la-independencia\/","name":"Cabuyaro, San Pedro de Arimena y quiz\u00e1 los dos primeros m\u00e1rtires de la Independencia","isPartOf":{"@id":"https:\/\/www.oscarpabon.com\/#website"},"primaryImageOfPage":{"@id":"https:\/\/www.oscarpabon.com\/index.php\/2023\/07\/20\/cabuyaro-san-pedro-de-arimena-y-quiza-los-dos-primeros-martires-de-la-independencia\/#primaryimage"},"image":{"@id":"https:\/\/www.oscarpabon.com\/index.php\/2023\/07\/20\/cabuyaro-san-pedro-de-arimena-y-quiza-los-dos-primeros-martires-de-la-independencia\/#primaryimage"},"thumbnailUrl":"https:\/\/www.oscarpabon.com\/wp-content\/uploads\/2023\/07\/portadaIndependencia.png","datePublished":"2023-07-20T20:33:25+00:00","dateModified":"2023-07-26T17:28:58+00:00","description":"El 20 de julio de 2023 se cumplen doscientos trece a\u00f1os del Grito de Independencia dado en la plaza mayor de Santaf\u00e9 de Bogot\u00e1, hecho que...","breadcrumb":{"@id":"https:\/\/www.oscarpabon.com\/index.php\/2023\/07\/20\/cabuyaro-san-pedro-de-arimena-y-quiza-los-dos-primeros-martires-de-la-independencia\/#breadcrumb"},"inLanguage":"es-CO","potentialAction":[{"@type":"ReadAction","target":["https:\/\/www.oscarpabon.com\/index.php\/2023\/07\/20\/cabuyaro-san-pedro-de-arimena-y-quiza-los-dos-primeros-martires-de-la-independencia\/"]}]},{"@type":"ImageObject","inLanguage":"es-CO","@id":"https:\/\/www.oscarpabon.com\/index.php\/2023\/07\/20\/cabuyaro-san-pedro-de-arimena-y-quiza-los-dos-primeros-martires-de-la-independencia\/#primaryimage","url":"https:\/\/www.oscarpabon.com\/wp-content\/uploads\/2023\/07\/portadaIndependencia.png","contentUrl":"https:\/\/www.oscarpabon.com\/wp-content\/uploads\/2023\/07\/portadaIndependencia.png","width":589,"height":388,"caption":"Independencia"},{"@type":"BreadcrumbList","@id":"https:\/\/www.oscarpabon.com\/index.php\/2023\/07\/20\/cabuyaro-san-pedro-de-arimena-y-quiza-los-dos-primeros-martires-de-la-independencia\/#breadcrumb","itemListElement":[{"@type":"ListItem","position":1,"name":"Home","item":"https:\/\/www.oscarpabon.com\/"},{"@type":"ListItem","position":2,"name":"Cabuyaro, San Pedro de Arimena y quiz\u00e1 los dos primeros m\u00e1rtires de la Independencia"}]},{"@type":"WebSite","@id":"https:\/\/www.oscarpabon.com\/#website","url":"https:\/\/www.oscarpabon.com\/","name":"Oscar Pab\u00f3n | Comunicador Social y Ambiental","description":"P\u00e1gina web oficial del comunicador social y ambiental Oscar Pab\u00f3n de la ciudad de Villavicencio.","publisher":{"@id":"https:\/\/www.oscarpabon.com\/#organization"},"potentialAction":[{"@type":"SearchAction","target":{"@type":"EntryPoint","urlTemplate":"https:\/\/www.oscarpabon.com\/?s={search_term_string}"},"query-input":{"@type":"PropertyValueSpecification","valueRequired":true,"valueName":"search_term_string"}}],"inLanguage":"es-CO"},{"@type":"Organization","@id":"https:\/\/www.oscarpabon.com\/#organization","name":"Oscar Pab\u00f3n","url":"https:\/\/www.oscarpabon.com\/","logo":{"@type":"ImageObject","inLanguage":"es-CO","@id":"https:\/\/www.oscarpabon.com\/#\/schema\/logo\/image\/","url":"https:\/\/www.oscarpabon.com\/wp-content\/uploads\/2021\/06\/LogoOscarP.jpg","contentUrl":"https:\/\/www.oscarpabon.com\/wp-content\/uploads\/2021\/06\/LogoOscarP.jpg","width":512,"height":512,"caption":"Oscar Pab\u00f3n"},"image":{"@id":"https:\/\/www.oscarpabon.com\/#\/schema\/logo\/image\/"},"sameAs":["https:\/\/www.facebook.com\/oscaralfonso.pabonmonroy.1","https:\/\/www.instagram.com\/oscar_pabonmonroy\/?hl=es-la"]},{"@type":"Person","@id":"https:\/\/www.oscarpabon.com\/#\/schema\/person\/e08a6cf87c5d689db2d61c650541b58a","name":"admin","image":{"@type":"ImageObject","inLanguage":"es-CO","@id":"https:\/\/secure.gravatar.com\/avatar\/eacb01c31dd696fe7956ce726e1ef152db76e7a5911d392ffed4587b2941f25c?s=96&d=wavatar&r=g","url":"https:\/\/secure.gravatar.com\/avatar\/eacb01c31dd696fe7956ce726e1ef152db76e7a5911d392ffed4587b2941f25c?s=96&d=wavatar&r=g","contentUrl":"https:\/\/secure.gravatar.com\/avatar\/eacb01c31dd696fe7956ce726e1ef152db76e7a5911d392ffed4587b2941f25c?s=96&d=wavatar&r=g","caption":"admin"},"sameAs":["http:\/\/localhost\/oscarPabon"],"url":"https:\/\/www.oscarpabon.com\/index.php\/author\/admin\/"}]}},"_links":{"self":[{"href":"https:\/\/www.oscarpabon.com\/index.php\/wp-json\/wp\/v2\/posts\/1093","targetHints":{"allow":["GET"]}}],"collection":[{"href":"https:\/\/www.oscarpabon.com\/index.php\/wp-json\/wp\/v2\/posts"}],"about":[{"href":"https:\/\/www.oscarpabon.com\/index.php\/wp-json\/wp\/v2\/types\/post"}],"author":[{"embeddable":true,"href":"https:\/\/www.oscarpabon.com\/index.php\/wp-json\/wp\/v2\/users\/1"}],"replies":[{"embeddable":true,"href":"https:\/\/www.oscarpabon.com\/index.php\/wp-json\/wp\/v2\/comments?post=1093"}],"version-history":[{"count":2,"href":"https:\/\/www.oscarpabon.com\/index.php\/wp-json\/wp\/v2\/posts\/1093\/revisions"}],"predecessor-version":[{"id":1097,"href":"https:\/\/www.oscarpabon.com\/index.php\/wp-json\/wp\/v2\/posts\/1093\/revisions\/1097"}],"wp:featuredmedia":[{"embeddable":true,"href":"https:\/\/www.oscarpabon.com\/index.php\/wp-json\/wp\/v2\/media\/1095"}],"wp:attachment":[{"href":"https:\/\/www.oscarpabon.com\/index.php\/wp-json\/wp\/v2\/media?parent=1093"}],"wp:term":[{"taxonomy":"category","embeddable":true,"href":"https:\/\/www.oscarpabon.com\/index.php\/wp-json\/wp\/v2\/categories?post=1093"},{"taxonomy":"post_tag","embeddable":true,"href":"https:\/\/www.oscarpabon.com\/index.php\/wp-json\/wp\/v2\/tags?post=1093"}],"curies":[{"name":"wp","href":"https:\/\/api.w.org\/{rel}","templated":true}]}}