{"id":1033,"date":"2023-05-21T12:42:47","date_gmt":"2023-05-21T17:42:47","guid":{"rendered":"https:\/\/www.oscarpabon.com\/?p=1033"},"modified":"2023-05-28T18:22:52","modified_gmt":"2023-05-28T23:22:52","slug":"el-nuevo-plan-de-desarrollo-nacional-y-el-proyecto-vision-de-los-llanos","status":"publish","type":"post","link":"https:\/\/www.oscarpabon.com\/index.php\/2023\/05\/21\/el-nuevo-plan-de-desarrollo-nacional-y-el-proyecto-vision-de-los-llanos\/","title":{"rendered":"El nuevo Plan de Desarrollo Nacional y el Proyecto Visi\u00f3n de los Llanos"},"content":{"rendered":"\n<p class=\"has-text-align-center\"><em>\u201cUna maloca del ancestral resguardo El Remanso perteneciente al departamento del Guain\u00eda fue la sede del acto oficial durante el cual el Presidente Gustavo Petro Urrego firm\u00f3 el Plan Nacional de Desarrollo 2023-2026 \u201cColombia potencia Mundial de la Vida\u201d.<\/em><\/p>\n\n\n<div class=\"wp-block-image\">\n<figure class=\"aligncenter size-full\"><img loading=\"lazy\" decoding=\"async\" width=\"820\" height=\"463\" src=\"https:\/\/www.oscarpabon.com\/wp-content\/uploads\/2023\/05\/1.png\" alt=\"\" class=\"wp-image-1035\" srcset=\"https:\/\/www.oscarpabon.com\/wp-content\/uploads\/2023\/05\/1.png 820w, https:\/\/www.oscarpabon.com\/wp-content\/uploads\/2023\/05\/1-300x169.png 300w, https:\/\/www.oscarpabon.com\/wp-content\/uploads\/2023\/05\/1-768x434.png 768w\" sizes=\"auto, (max-width: 820px) 100vw, 820px\" \/><figcaption class=\"wp-element-caption\"><em>El mandatario Nacional, la Vice Presidenta de la Rep\u00fablica, el Ministro de Hacienda y el Director Nacional de Planeaci\u00f3n luego de la firma del Plan Nacional de Desarrollo \u2013PND- \u201cColombia Potencia Mundial de la Vida\u201d, evento llevado a cabo en distante comunidad originaria amaz\u00f3nica del Guain\u00eda (Foto: del DNP Prensa\/Noticias<\/em><\/figcaption><\/figure><\/div>\n\n\n<p>En una maloca del ancestral resguardo El Remanso Chorroboc\u00f3n del departamento del Guain\u00eda el presidente Gustavo Petro Urrego firm\u00f3 el <em>Plan Nacional de Desarrollo 2023-2026 \u201cColombia potencia Mundial de la Vida\u201d<\/em> \u2013PND,-simb\u00f3lico certamen cumplido en la tarde del viernes 19 de mayo con asistencia mayoritaria de representantes de pueblos originarios de dicha divisi\u00f3n pol\u00edtico administrativa perteneciente a la Orinoquia colombiana.<\/p>\n\n\n\n<p>Cinco ejes son los del PDN o carta de navegaci\u00f3n del gobierno actual, documento que puede ser consultada ingresando por el siguiente enlace:<\/p>\n\n\n\n<p><a href=\"https:\/\/www.dnp.gov.co\/plan-nacional-desarrollo\/pnd-2022-2026\" target=\"_blank\" rel=\"noreferrer noopener\">https:\/\/www.dnp.gov.co\/plan-nacional-desarrollo\/pnd-2022-2026<\/a><\/p>\n\n\n\n<div style=\"height:15px\" aria-hidden=\"true\" class=\"wp-block-spacer\"><\/div>\n\n\n\n<p>A partir de encuentros democr\u00e1ticos cumplidos en territorios de nuestro pa\u00eds en los cuales fue aplicada la metodolog\u00eda de Di\u00e1logos Vinculantes Regionales, se lograron construir los cinco pilares del Plan de Desarrollo 2023-2026 en referencia, estos son:<\/p>\n\n\n\n<ul class=\"wp-block-list\">\n<li>Ordenamiento territorial alrededor del agua;<\/li>\n\n\n\n<li>Seguridad humana y justicia social;<\/li>\n\n\n\n<li>Derecho humano en alimentaci\u00f3n;<\/li>\n\n\n\n<li>Transformaci\u00f3n productiva, internacionalizaci\u00f3n y acci\u00f3n clim\u00e1tica;<\/li>\n\n\n\n<li>Convergencia regional.<\/li>\n<\/ul>\n\n\n<div class=\"wp-block-image\">\n<figure class=\"aligncenter size-full\"><img loading=\"lazy\" decoding=\"async\" width=\"684\" height=\"497\" src=\"https:\/\/www.oscarpabon.com\/wp-content\/uploads\/2023\/05\/2.png\" alt=\"\" class=\"wp-image-1036\" srcset=\"https:\/\/www.oscarpabon.com\/wp-content\/uploads\/2023\/05\/2.png 684w, https:\/\/www.oscarpabon.com\/wp-content\/uploads\/2023\/05\/2-300x218.png 300w\" sizes=\"auto, (max-width: 684px) 100vw, 684px\" \/><figcaption class=\"wp-element-caption\"><em>En el arte de la portada de esta versi\u00f3n del Plan Nacional de Desarrollo \u201cColombia Potencia Mundial de la Vida\u201d 2023-2026 aparece una foto de pareja de baile de Joropo moderno (Imagen tomada de&nbsp; <a href=\"https:\/\/colaboracion.dnp.gov.co\/CDT\/portalDNP\/PND-2023\/2023-05-04-bases-plan-nacional-de-inversiones-2022-2026.pdf\" target=\"_blank\" rel=\"noreferrer noopener\">https:\/\/colaboracion.dnp.gov.co\/CDT\/portalDNP\/PND-2023\/2023-05-04-bases-plan-nacional-de-inversiones-2022-2026.pdf<\/a>))<\/em><\/figcaption><\/figure><\/div>\n\n\n<h3 class=\"wp-block-heading\"><strong>Parang\u00f3n con un ejercicio de planeaci\u00f3n regional:<\/strong><\/h3>\n\n\n\n<div style=\"height:20px\" aria-hidden=\"true\" class=\"wp-block-spacer\"><\/div>\n\n\n\n<p>A continuaci\u00f3n quiero contar que en el a\u00f1o 2015 se desarroll\u00f3 la investigaci\u00f3n <em>Visi\u00f3n Regional de los Llanos<\/em> en los departamentos de Arauca, Casanare, Meta y Vichada. En cada uno fueron consultadas in situ muchas &#8220;voces de los territorios&#8221;.<\/p>\n\n\n\n<p>Tanto con los anhelos expresados por los participantes \u2013l\u00edderes sociales- durante los ejercicios cumplidos en la mayor\u00eda de los municipios de los cuatro departamentos objeto del estudio, como con los resultados obtenidos en las mesas de trabajo con personas expertas en la regi\u00f3n desde diferentes disciplinas acad\u00e9micas, se efectu\u00f3 la tabulaci\u00f3n y la priorizaci\u00f3n de los cinco ejes estrat\u00e9gicos para planear a Arauca, Casanare, Meta y Vichada.<\/p>\n\n\n\n<p>La prospecci\u00f3n participativa del referido estudio arroj\u00f3 los siguientes cinco ejes estrat\u00e9gicos que condensan e integran temas, problemas y soluciones en los territorios:<\/p>\n\n\n\n<p>1 Agua y Biodiversidad determinantes para el desarrollo territorial<\/p>\n\n\n\n<p>Componentes: Hidropol\u00edtica para la vida y Biodiversidad soporte del desarrollo integral regional<\/p>\n\n\n\n<p>2. Consolidaci\u00f3n de la Inteligencia regional y proyecto pol\u00edtico regional<\/p>\n\n\n\n<p>Componentes: Inteligencia regional y Proyecto pol\u00edtico Territorial<\/p>\n\n\n\n<p>3. Desarrollos productivos alternativos e integrales<\/p>\n\n\n\n<p>Componentes: Desarrollo end\u00f3geno con equidad y construcci\u00f3n de sociedad, Pervivencia y territoriedad ind\u00edgena y \u00c1mbito fronterizo de los Llanos Orientales<\/p>\n\n\n\n<p>4. Gobernanza e institucionalidad para la construcci\u00f3n de paz territorial<\/p>\n\n\n\n<p>Componentes: Territoriedad, institucionalidad y gobernanza, Construcci\u00f3n de paz territorial y \u00c9tica p\u00fablica y corrupci\u00f3n<\/p>\n\n\n\n<p>5. Reordenamiento org\u00e1nico territorial de los Llanos<\/p>\n\n\n\n<p>Componentes: V\u00ednculos rururbanos y Sostenibilidad territorial<\/p>\n\n\n\n<p>Los resultados del proyecto Visi\u00f3n Regional de los Llanos, ejecutado por la Unillanos con el auspicio de Ecopetrol, en su momento fueron conocidos por el Departamento Nacional de Planeaci\u00f3n -DNP- , as\u00ed como por las entidades de planeaci\u00f3n de los cuatro departamentos estudiados.<\/p>\n\n\n<div class=\"wp-block-image\">\n<figure class=\"aligncenter size-full\"><img loading=\"lazy\" decoding=\"async\" width=\"687\" height=\"686\" src=\"https:\/\/www.oscarpabon.com\/wp-content\/uploads\/2023\/05\/3.png\" alt=\"\" class=\"wp-image-1037\" srcset=\"https:\/\/www.oscarpabon.com\/wp-content\/uploads\/2023\/05\/3.png 687w, https:\/\/www.oscarpabon.com\/wp-content\/uploads\/2023\/05\/3-300x300.png 300w, https:\/\/www.oscarpabon.com\/wp-content\/uploads\/2023\/05\/3-150x150.png 150w\" sizes=\"auto, (max-width: 687px) 100vw, 687px\" \/><figcaption class=\"wp-element-caption\"><em>El libro del proyecto de investigaci\u00f3n en Arauca, Casanare, Meta y Vichada fue presentado a la comunidad en el primer semestre de 2016. El unillanista estudio se desarroll\u00f3 desde el Instituto de Ciencias Ambientales de la Orinoquia \u2013ICAOC-.<\/em><\/figcaption><\/figure><\/div>\n\n\n<p>A manera de parang\u00f3n entre el <em>Plan Nacional de Desarrollo 2023-2026 \u201cColombia Potencia Mundial de la Vida\u201d<\/em> \u2013PND- que nos regir\u00e1 durante un cuatrenio, con el proyecto <em>Visi\u00f3n de Visiones de los Llanos<\/em> del 2015 digo que el segundo se realiz\u00f3 mediante los encuentros comunitarios \u201cVoces de los territorios\u201d, mientras que el PND se construy\u00f3 a partir de \u201cDi\u00e1logos regionales vinculantes\u201d.<\/p>\n\n\n\n<p>Otra coincidencia est\u00e1 en el n\u00famero de temas estrat\u00e9gicos para los Llanos y los cinco pilares del PND. En su mayor\u00eda las dos cartas de navegaci\u00f3n tienen coincidencias en los componentes de&nbsp; sus columnas de planificaci\u00f3n sobre las que est\u00e1n construidas.<\/p>\n","protected":false},"excerpt":{"rendered":"<p>\u201cUna maloca del ancestral resguardo El Remanso perteneciente al departamento del Guain\u00eda fue la sede del acto oficial durante el cual el Presidente Gustavo Petro Urrego firm\u00f3 el Plan Nacional de Desarrollo 2023-2026 \u201cColombia potencia Mundial de la Vida\u201d. En&#8230;<\/p>\n","protected":false},"author":1,"featured_media":1035,"comment_status":"open","ping_status":"open","sticky":false,"template":"","format":"standard","meta":{"_acf_changed":false,"footnotes":""},"categories":[4],"tags":[],"class_list":["post-1033","post","type-post","status-publish","format-standard","has-post-thumbnail","hentry","category-historica_cultural"],"acf":[],"yoast_head":"<!-- This site is optimized with the Yoast SEO plugin v28.1 - https:\/\/yoast.com\/product\/yoast-seo-wordpress\/ -->\n<title>El nuevo Plan de Desarrollo Nacional y el Proyecto Visi\u00f3n de los Llanos<\/title>\n<meta name=\"description\" content=\"En una maloca del ancestral resguardo El Remanso Chorroboc\u00f3n del departamento del Guain\u00eda el presidente Gustavo Petro Urrego firm\u00f3 el Plan...\" \/>\n<meta name=\"robots\" content=\"index, follow, max-snippet:-1, max-image-preview:large, max-video-preview:-1\" \/>\n<link rel=\"canonical\" href=\"https:\/\/www.oscarpabon.com\/index.php\/2023\/05\/21\/el-nuevo-plan-de-desarrollo-nacional-y-el-proyecto-vision-de-los-llanos\/\" \/>\n<meta property=\"og:locale\" content=\"es_ES\" \/>\n<meta property=\"og:type\" content=\"article\" \/>\n<meta property=\"og:title\" content=\"El nuevo Plan de Desarrollo Nacional y el Proyecto Visi\u00f3n de los Llanos\" \/>\n<meta property=\"og:description\" content=\"En una maloca del ancestral resguardo El Remanso Chorroboc\u00f3n del departamento del Guain\u00eda el presidente Gustavo Petro Urrego firm\u00f3 el Plan...\" \/>\n<meta property=\"og:url\" content=\"https:\/\/www.oscarpabon.com\/index.php\/2023\/05\/21\/el-nuevo-plan-de-desarrollo-nacional-y-el-proyecto-vision-de-los-llanos\/\" \/>\n<meta property=\"og:site_name\" content=\"Oscar Pab\u00f3n | Comunicador Social y Ambiental\" \/>\n<meta property=\"article:publisher\" content=\"https:\/\/www.facebook.com\/oscaralfonso.pabonmonroy.1\" \/>\n<meta property=\"article:published_time\" content=\"2023-05-21T17:42:47+00:00\" \/>\n<meta property=\"article:modified_time\" content=\"2023-05-28T23:22:52+00:00\" \/>\n<meta property=\"og:image\" content=\"https:\/\/www.oscarpabon.com\/wp-content\/uploads\/2023\/05\/1.png\" \/>\n\t<meta property=\"og:image:width\" content=\"820\" \/>\n\t<meta property=\"og:image:height\" content=\"463\" \/>\n\t<meta property=\"og:image:type\" content=\"image\/png\" \/>\n<meta name=\"author\" content=\"admin\" \/>\n<meta name=\"twitter:card\" content=\"summary_large_image\" \/>\n<meta name=\"twitter:label1\" content=\"Escrito por\" \/>\n\t<meta name=\"twitter:data1\" content=\"admin\" \/>\n\t<meta name=\"twitter:label2\" content=\"Tiempo de lectura\" \/>\n\t<meta name=\"twitter:data2\" content=\"4 minutos\" \/>\n<script type=\"application\/ld+json\" class=\"yoast-schema-graph\">{\"@context\":\"https:\\\/\\\/schema.org\",\"@graph\":[{\"@type\":\"Article\",\"@id\":\"https:\\\/\\\/www.oscarpabon.com\\\/index.php\\\/2023\\\/05\\\/21\\\/el-nuevo-plan-de-desarrollo-nacional-y-el-proyecto-vision-de-los-llanos\\\/#article\",\"isPartOf\":{\"@id\":\"https:\\\/\\\/www.oscarpabon.com\\\/index.php\\\/2023\\\/05\\\/21\\\/el-nuevo-plan-de-desarrollo-nacional-y-el-proyecto-vision-de-los-llanos\\\/\"},\"author\":{\"name\":\"admin\",\"@id\":\"https:\\\/\\\/www.oscarpabon.com\\\/#\\\/schema\\\/person\\\/e08a6cf87c5d689db2d61c650541b58a\"},\"headline\":\"El nuevo Plan de Desarrollo Nacional y el Proyecto Visi\u00f3n de los Llanos\",\"datePublished\":\"2023-05-21T17:42:47+00:00\",\"dateModified\":\"2023-05-28T23:22:52+00:00\",\"mainEntityOfPage\":{\"@id\":\"https:\\\/\\\/www.oscarpabon.com\\\/index.php\\\/2023\\\/05\\\/21\\\/el-nuevo-plan-de-desarrollo-nacional-y-el-proyecto-vision-de-los-llanos\\\/\"},\"wordCount\":776,\"commentCount\":2,\"publisher\":{\"@id\":\"https:\\\/\\\/www.oscarpabon.com\\\/#organization\"},\"image\":{\"@id\":\"https:\\\/\\\/www.oscarpabon.com\\\/index.php\\\/2023\\\/05\\\/21\\\/el-nuevo-plan-de-desarrollo-nacional-y-el-proyecto-vision-de-los-llanos\\\/#primaryimage\"},\"thumbnailUrl\":\"https:\\\/\\\/www.oscarpabon.com\\\/wp-content\\\/uploads\\\/2023\\\/05\\\/1.png\",\"articleSection\":[\"Hist\u00f3rica y Cultural\"],\"inLanguage\":\"es-CO\",\"potentialAction\":[{\"@type\":\"CommentAction\",\"name\":\"Comment\",\"target\":[\"https:\\\/\\\/www.oscarpabon.com\\\/index.php\\\/2023\\\/05\\\/21\\\/el-nuevo-plan-de-desarrollo-nacional-y-el-proyecto-vision-de-los-llanos\\\/#respond\"]}]},{\"@type\":\"WebPage\",\"@id\":\"https:\\\/\\\/www.oscarpabon.com\\\/index.php\\\/2023\\\/05\\\/21\\\/el-nuevo-plan-de-desarrollo-nacional-y-el-proyecto-vision-de-los-llanos\\\/\",\"url\":\"https:\\\/\\\/www.oscarpabon.com\\\/index.php\\\/2023\\\/05\\\/21\\\/el-nuevo-plan-de-desarrollo-nacional-y-el-proyecto-vision-de-los-llanos\\\/\",\"name\":\"El nuevo Plan de Desarrollo Nacional y el Proyecto Visi\u00f3n de los Llanos\",\"isPartOf\":{\"@id\":\"https:\\\/\\\/www.oscarpabon.com\\\/#website\"},\"primaryImageOfPage\":{\"@id\":\"https:\\\/\\\/www.oscarpabon.com\\\/index.php\\\/2023\\\/05\\\/21\\\/el-nuevo-plan-de-desarrollo-nacional-y-el-proyecto-vision-de-los-llanos\\\/#primaryimage\"},\"image\":{\"@id\":\"https:\\\/\\\/www.oscarpabon.com\\\/index.php\\\/2023\\\/05\\\/21\\\/el-nuevo-plan-de-desarrollo-nacional-y-el-proyecto-vision-de-los-llanos\\\/#primaryimage\"},\"thumbnailUrl\":\"https:\\\/\\\/www.oscarpabon.com\\\/wp-content\\\/uploads\\\/2023\\\/05\\\/1.png\",\"datePublished\":\"2023-05-21T17:42:47+00:00\",\"dateModified\":\"2023-05-28T23:22:52+00:00\",\"description\":\"En una maloca del ancestral resguardo El Remanso Chorroboc\u00f3n del departamento del Guain\u00eda el presidente Gustavo Petro Urrego firm\u00f3 el Plan...\",\"breadcrumb\":{\"@id\":\"https:\\\/\\\/www.oscarpabon.com\\\/index.php\\\/2023\\\/05\\\/21\\\/el-nuevo-plan-de-desarrollo-nacional-y-el-proyecto-vision-de-los-llanos\\\/#breadcrumb\"},\"inLanguage\":\"es-CO\",\"potentialAction\":[{\"@type\":\"ReadAction\",\"target\":[\"https:\\\/\\\/www.oscarpabon.com\\\/index.php\\\/2023\\\/05\\\/21\\\/el-nuevo-plan-de-desarrollo-nacional-y-el-proyecto-vision-de-los-llanos\\\/\"]}]},{\"@type\":\"ImageObject\",\"inLanguage\":\"es-CO\",\"@id\":\"https:\\\/\\\/www.oscarpabon.com\\\/index.php\\\/2023\\\/05\\\/21\\\/el-nuevo-plan-de-desarrollo-nacional-y-el-proyecto-vision-de-los-llanos\\\/#primaryimage\",\"url\":\"https:\\\/\\\/www.oscarpabon.com\\\/wp-content\\\/uploads\\\/2023\\\/05\\\/1.png\",\"contentUrl\":\"https:\\\/\\\/www.oscarpabon.com\\\/wp-content\\\/uploads\\\/2023\\\/05\\\/1.png\",\"width\":820,\"height\":463,\"caption\":\"Plan nacional de desarrollo\"},{\"@type\":\"BreadcrumbList\",\"@id\":\"https:\\\/\\\/www.oscarpabon.com\\\/index.php\\\/2023\\\/05\\\/21\\\/el-nuevo-plan-de-desarrollo-nacional-y-el-proyecto-vision-de-los-llanos\\\/#breadcrumb\",\"itemListElement\":[{\"@type\":\"ListItem\",\"position\":1,\"name\":\"Home\",\"item\":\"https:\\\/\\\/www.oscarpabon.com\\\/\"},{\"@type\":\"ListItem\",\"position\":2,\"name\":\"El nuevo Plan de Desarrollo Nacional y el Proyecto Visi\u00f3n de los Llanos\"}]},{\"@type\":\"WebSite\",\"@id\":\"https:\\\/\\\/www.oscarpabon.com\\\/#website\",\"url\":\"https:\\\/\\\/www.oscarpabon.com\\\/\",\"name\":\"Oscar Pab\u00f3n | Comunicador Social y Ambiental\",\"description\":\"P\u00e1gina web oficial del comunicador social y ambiental Oscar Pab\u00f3n de la ciudad de Villavicencio.\",\"publisher\":{\"@id\":\"https:\\\/\\\/www.oscarpabon.com\\\/#organization\"},\"potentialAction\":[{\"@type\":\"SearchAction\",\"target\":{\"@type\":\"EntryPoint\",\"urlTemplate\":\"https:\\\/\\\/www.oscarpabon.com\\\/?s={search_term_string}\"},\"query-input\":{\"@type\":\"PropertyValueSpecification\",\"valueRequired\":true,\"valueName\":\"search_term_string\"}}],\"inLanguage\":\"es-CO\"},{\"@type\":\"Organization\",\"@id\":\"https:\\\/\\\/www.oscarpabon.com\\\/#organization\",\"name\":\"Oscar Pab\u00f3n\",\"url\":\"https:\\\/\\\/www.oscarpabon.com\\\/\",\"logo\":{\"@type\":\"ImageObject\",\"inLanguage\":\"es-CO\",\"@id\":\"https:\\\/\\\/www.oscarpabon.com\\\/#\\\/schema\\\/logo\\\/image\\\/\",\"url\":\"https:\\\/\\\/www.oscarpabon.com\\\/wp-content\\\/uploads\\\/2021\\\/06\\\/LogoOscarP.jpg\",\"contentUrl\":\"https:\\\/\\\/www.oscarpabon.com\\\/wp-content\\\/uploads\\\/2021\\\/06\\\/LogoOscarP.jpg\",\"width\":512,\"height\":512,\"caption\":\"Oscar Pab\u00f3n\"},\"image\":{\"@id\":\"https:\\\/\\\/www.oscarpabon.com\\\/#\\\/schema\\\/logo\\\/image\\\/\"},\"sameAs\":[\"https:\\\/\\\/www.facebook.com\\\/oscaralfonso.pabonmonroy.1\",\"https:\\\/\\\/www.instagram.com\\\/oscar_pabonmonroy\\\/?hl=es-la\"]},{\"@type\":\"Person\",\"@id\":\"https:\\\/\\\/www.oscarpabon.com\\\/#\\\/schema\\\/person\\\/e08a6cf87c5d689db2d61c650541b58a\",\"name\":\"admin\",\"image\":{\"@type\":\"ImageObject\",\"inLanguage\":\"es-CO\",\"@id\":\"https:\\\/\\\/secure.gravatar.com\\\/avatar\\\/eacb01c31dd696fe7956ce726e1ef152db76e7a5911d392ffed4587b2941f25c?s=96&d=wavatar&r=g\",\"url\":\"https:\\\/\\\/secure.gravatar.com\\\/avatar\\\/eacb01c31dd696fe7956ce726e1ef152db76e7a5911d392ffed4587b2941f25c?s=96&d=wavatar&r=g\",\"contentUrl\":\"https:\\\/\\\/secure.gravatar.com\\\/avatar\\\/eacb01c31dd696fe7956ce726e1ef152db76e7a5911d392ffed4587b2941f25c?s=96&d=wavatar&r=g\",\"caption\":\"admin\"},\"sameAs\":[\"http:\\\/\\\/localhost\\\/oscarPabon\"],\"url\":\"https:\\\/\\\/www.oscarpabon.com\\\/index.php\\\/author\\\/admin\\\/\"}]}<\/script>\n<!-- \/ Yoast SEO plugin. -->","yoast_head_json":{"title":"El nuevo Plan de Desarrollo Nacional y el Proyecto Visi\u00f3n de los Llanos","description":"En una maloca del ancestral resguardo El Remanso Chorroboc\u00f3n del departamento del Guain\u00eda el presidente Gustavo Petro Urrego firm\u00f3 el Plan...","robots":{"index":"index","follow":"follow","max-snippet":"max-snippet:-1","max-image-preview":"max-image-preview:large","max-video-preview":"max-video-preview:-1"},"canonical":"https:\/\/www.oscarpabon.com\/index.php\/2023\/05\/21\/el-nuevo-plan-de-desarrollo-nacional-y-el-proyecto-vision-de-los-llanos\/","og_locale":"es_ES","og_type":"article","og_title":"El nuevo Plan de Desarrollo Nacional y el Proyecto Visi\u00f3n de los Llanos","og_description":"En una maloca del ancestral resguardo El Remanso Chorroboc\u00f3n del departamento del Guain\u00eda el presidente Gustavo Petro Urrego firm\u00f3 el Plan...","og_url":"https:\/\/www.oscarpabon.com\/index.php\/2023\/05\/21\/el-nuevo-plan-de-desarrollo-nacional-y-el-proyecto-vision-de-los-llanos\/","og_site_name":"Oscar Pab\u00f3n | Comunicador Social y Ambiental","article_publisher":"https:\/\/www.facebook.com\/oscaralfonso.pabonmonroy.1","article_published_time":"2023-05-21T17:42:47+00:00","article_modified_time":"2023-05-28T23:22:52+00:00","og_image":[{"width":820,"height":463,"url":"https:\/\/www.oscarpabon.com\/wp-content\/uploads\/2023\/05\/1.png","type":"image\/png"}],"author":"admin","twitter_card":"summary_large_image","twitter_misc":{"Escrito por":"admin","Tiempo de lectura":"4 minutos"},"schema":{"@context":"https:\/\/schema.org","@graph":[{"@type":"Article","@id":"https:\/\/www.oscarpabon.com\/index.php\/2023\/05\/21\/el-nuevo-plan-de-desarrollo-nacional-y-el-proyecto-vision-de-los-llanos\/#article","isPartOf":{"@id":"https:\/\/www.oscarpabon.com\/index.php\/2023\/05\/21\/el-nuevo-plan-de-desarrollo-nacional-y-el-proyecto-vision-de-los-llanos\/"},"author":{"name":"admin","@id":"https:\/\/www.oscarpabon.com\/#\/schema\/person\/e08a6cf87c5d689db2d61c650541b58a"},"headline":"El nuevo Plan de Desarrollo Nacional y el Proyecto Visi\u00f3n de los Llanos","datePublished":"2023-05-21T17:42:47+00:00","dateModified":"2023-05-28T23:22:52+00:00","mainEntityOfPage":{"@id":"https:\/\/www.oscarpabon.com\/index.php\/2023\/05\/21\/el-nuevo-plan-de-desarrollo-nacional-y-el-proyecto-vision-de-los-llanos\/"},"wordCount":776,"commentCount":2,"publisher":{"@id":"https:\/\/www.oscarpabon.com\/#organization"},"image":{"@id":"https:\/\/www.oscarpabon.com\/index.php\/2023\/05\/21\/el-nuevo-plan-de-desarrollo-nacional-y-el-proyecto-vision-de-los-llanos\/#primaryimage"},"thumbnailUrl":"https:\/\/www.oscarpabon.com\/wp-content\/uploads\/2023\/05\/1.png","articleSection":["Hist\u00f3rica y Cultural"],"inLanguage":"es-CO","potentialAction":[{"@type":"CommentAction","name":"Comment","target":["https:\/\/www.oscarpabon.com\/index.php\/2023\/05\/21\/el-nuevo-plan-de-desarrollo-nacional-y-el-proyecto-vision-de-los-llanos\/#respond"]}]},{"@type":"WebPage","@id":"https:\/\/www.oscarpabon.com\/index.php\/2023\/05\/21\/el-nuevo-plan-de-desarrollo-nacional-y-el-proyecto-vision-de-los-llanos\/","url":"https:\/\/www.oscarpabon.com\/index.php\/2023\/05\/21\/el-nuevo-plan-de-desarrollo-nacional-y-el-proyecto-vision-de-los-llanos\/","name":"El nuevo Plan de Desarrollo Nacional y el Proyecto Visi\u00f3n de los Llanos","isPartOf":{"@id":"https:\/\/www.oscarpabon.com\/#website"},"primaryImageOfPage":{"@id":"https:\/\/www.oscarpabon.com\/index.php\/2023\/05\/21\/el-nuevo-plan-de-desarrollo-nacional-y-el-proyecto-vision-de-los-llanos\/#primaryimage"},"image":{"@id":"https:\/\/www.oscarpabon.com\/index.php\/2023\/05\/21\/el-nuevo-plan-de-desarrollo-nacional-y-el-proyecto-vision-de-los-llanos\/#primaryimage"},"thumbnailUrl":"https:\/\/www.oscarpabon.com\/wp-content\/uploads\/2023\/05\/1.png","datePublished":"2023-05-21T17:42:47+00:00","dateModified":"2023-05-28T23:22:52+00:00","description":"En una maloca del ancestral resguardo El Remanso Chorroboc\u00f3n del departamento del Guain\u00eda el presidente Gustavo Petro Urrego firm\u00f3 el Plan...","breadcrumb":{"@id":"https:\/\/www.oscarpabon.com\/index.php\/2023\/05\/21\/el-nuevo-plan-de-desarrollo-nacional-y-el-proyecto-vision-de-los-llanos\/#breadcrumb"},"inLanguage":"es-CO","potentialAction":[{"@type":"ReadAction","target":["https:\/\/www.oscarpabon.com\/index.php\/2023\/05\/21\/el-nuevo-plan-de-desarrollo-nacional-y-el-proyecto-vision-de-los-llanos\/"]}]},{"@type":"ImageObject","inLanguage":"es-CO","@id":"https:\/\/www.oscarpabon.com\/index.php\/2023\/05\/21\/el-nuevo-plan-de-desarrollo-nacional-y-el-proyecto-vision-de-los-llanos\/#primaryimage","url":"https:\/\/www.oscarpabon.com\/wp-content\/uploads\/2023\/05\/1.png","contentUrl":"https:\/\/www.oscarpabon.com\/wp-content\/uploads\/2023\/05\/1.png","width":820,"height":463,"caption":"Plan nacional de desarrollo"},{"@type":"BreadcrumbList","@id":"https:\/\/www.oscarpabon.com\/index.php\/2023\/05\/21\/el-nuevo-plan-de-desarrollo-nacional-y-el-proyecto-vision-de-los-llanos\/#breadcrumb","itemListElement":[{"@type":"ListItem","position":1,"name":"Home","item":"https:\/\/www.oscarpabon.com\/"},{"@type":"ListItem","position":2,"name":"El nuevo Plan de Desarrollo Nacional y el Proyecto Visi\u00f3n de los Llanos"}]},{"@type":"WebSite","@id":"https:\/\/www.oscarpabon.com\/#website","url":"https:\/\/www.oscarpabon.com\/","name":"Oscar Pab\u00f3n | Comunicador Social y Ambiental","description":"P\u00e1gina web oficial del comunicador social y ambiental Oscar Pab\u00f3n de la ciudad de Villavicencio.","publisher":{"@id":"https:\/\/www.oscarpabon.com\/#organization"},"potentialAction":[{"@type":"SearchAction","target":{"@type":"EntryPoint","urlTemplate":"https:\/\/www.oscarpabon.com\/?s={search_term_string}"},"query-input":{"@type":"PropertyValueSpecification","valueRequired":true,"valueName":"search_term_string"}}],"inLanguage":"es-CO"},{"@type":"Organization","@id":"https:\/\/www.oscarpabon.com\/#organization","name":"Oscar Pab\u00f3n","url":"https:\/\/www.oscarpabon.com\/","logo":{"@type":"ImageObject","inLanguage":"es-CO","@id":"https:\/\/www.oscarpabon.com\/#\/schema\/logo\/image\/","url":"https:\/\/www.oscarpabon.com\/wp-content\/uploads\/2021\/06\/LogoOscarP.jpg","contentUrl":"https:\/\/www.oscarpabon.com\/wp-content\/uploads\/2021\/06\/LogoOscarP.jpg","width":512,"height":512,"caption":"Oscar Pab\u00f3n"},"image":{"@id":"https:\/\/www.oscarpabon.com\/#\/schema\/logo\/image\/"},"sameAs":["https:\/\/www.facebook.com\/oscaralfonso.pabonmonroy.1","https:\/\/www.instagram.com\/oscar_pabonmonroy\/?hl=es-la"]},{"@type":"Person","@id":"https:\/\/www.oscarpabon.com\/#\/schema\/person\/e08a6cf87c5d689db2d61c650541b58a","name":"admin","image":{"@type":"ImageObject","inLanguage":"es-CO","@id":"https:\/\/secure.gravatar.com\/avatar\/eacb01c31dd696fe7956ce726e1ef152db76e7a5911d392ffed4587b2941f25c?s=96&d=wavatar&r=g","url":"https:\/\/secure.gravatar.com\/avatar\/eacb01c31dd696fe7956ce726e1ef152db76e7a5911d392ffed4587b2941f25c?s=96&d=wavatar&r=g","contentUrl":"https:\/\/secure.gravatar.com\/avatar\/eacb01c31dd696fe7956ce726e1ef152db76e7a5911d392ffed4587b2941f25c?s=96&d=wavatar&r=g","caption":"admin"},"sameAs":["http:\/\/localhost\/oscarPabon"],"url":"https:\/\/www.oscarpabon.com\/index.php\/author\/admin\/"}]}},"_links":{"self":[{"href":"https:\/\/www.oscarpabon.com\/index.php\/wp-json\/wp\/v2\/posts\/1033","targetHints":{"allow":["GET"]}}],"collection":[{"href":"https:\/\/www.oscarpabon.com\/index.php\/wp-json\/wp\/v2\/posts"}],"about":[{"href":"https:\/\/www.oscarpabon.com\/index.php\/wp-json\/wp\/v2\/types\/post"}],"author":[{"embeddable":true,"href":"https:\/\/www.oscarpabon.com\/index.php\/wp-json\/wp\/v2\/users\/1"}],"replies":[{"embeddable":true,"href":"https:\/\/www.oscarpabon.com\/index.php\/wp-json\/wp\/v2\/comments?post=1033"}],"version-history":[{"count":10,"href":"https:\/\/www.oscarpabon.com\/index.php\/wp-json\/wp\/v2\/posts\/1033\/revisions"}],"predecessor-version":[{"id":1050,"href":"https:\/\/www.oscarpabon.com\/index.php\/wp-json\/wp\/v2\/posts\/1033\/revisions\/1050"}],"wp:featuredmedia":[{"embeddable":true,"href":"https:\/\/www.oscarpabon.com\/index.php\/wp-json\/wp\/v2\/media\/1035"}],"wp:attachment":[{"href":"https:\/\/www.oscarpabon.com\/index.php\/wp-json\/wp\/v2\/media?parent=1033"}],"wp:term":[{"taxonomy":"category","embeddable":true,"href":"https:\/\/www.oscarpabon.com\/index.php\/wp-json\/wp\/v2\/categories?post=1033"},{"taxonomy":"post_tag","embeddable":true,"href":"https:\/\/www.oscarpabon.com\/index.php\/wp-json\/wp\/v2\/tags?post=1033"}],"curies":[{"name":"wp","href":"https:\/\/api.w.org\/{rel}","templated":true}]}}